{"id":183625,"date":"2025-12-11T02:09:12","date_gmt":"2025-12-11T02:09:12","guid":{"rendered":"https:\/\/www.europesays.com\/pt\/183625\/"},"modified":"2025-12-11T02:09:12","modified_gmt":"2025-12-11T02:09:12","slug":"casa-dos-segredos-ze-foi-visto-aos-beijos-com-ex-colega-de-casa-de-liliana-nem-vai-acreditar-quem-e","status":"publish","type":"post","link":"https:\/\/www.europesays.com\/pt\/183625\/","title":{"rendered":"Casa dos Segredos &#8211; Z\u00e9 foi visto aos beijos com ex-colega de casa&#8230; de Liliana. Nem vai acreditar quem \u00e9"},"content":{"rendered":"<p>N\u00e3o \u00e9 novidade para ningu\u00e9m o estrondoso sucesso que <strong>Z\u00e9<\/strong>, ex-noivo de <strong>Liliana<\/strong>, tem alcan\u00e7ado enquanto a jovem permanece naquela que \u00e9 a casa mais vigiada do pa\u00eds. Al\u00e9m de conquistar milhares de seguidores no Instagram, o gestor desportivo tem aproveitado <a href=\"https:\/\/www.novagente.pt\/ze-andrade-de-traido-aposta-da-tvi-novo-desafio-do-ex-noivo-de-liliana\" rel=\"nofollow noopener\" target=\"_blank\">novas oportunidades <\/a>e criado la\u00e7os com <a href=\"https:\/\/www.novagente.pt\/casa-dos-segredos-ze-ja-nao-quer-saber-de-liliana-saiba-quem-ex-concorrente-com-quem-passou-noite\" rel=\"nofollow noopener\" target=\"_blank\">v\u00e1rios rostos conhecidos<\/a>&#8230;\u00a0e at\u00e9 j\u00e1 faz presen\u00e7as em espa\u00e7os noturnos.<\/p>\n<blockquote>\n<p><strong>Leia ainda: <\/strong>Casa dos Segredos &#8211; <a href=\"https:\/\/www.novagente.pt\/casa-dos-segredos-relacao-perto-do-fim-alerta-de-liliana-fabio-nao-esta-tudo-bem\" rel=\"nofollow noopener\" target=\"_blank\">Rela\u00e7\u00e3o perto do fim? O alerta de Liliana a F\u00e1bio: &#8220;N\u00e3o est\u00e1 tudo bem&#8221;<\/a><\/p>\n<\/blockquote>\n<p>Foi precisamente numa discoteca a\u00e7oriana que o jovem ter\u00e1 sido visto aos beijos com <strong>Mariana<\/strong>, ex-colega de casa de <strong>Liliana<\/strong>. Segundo uma fonte que falou \u00e0 <a href=\"https:\/\/www.maria.pt\/noticias-e-tv\/nacional\/surpresa-mariana-ex-concorrente-da-casa-dos-segredos-apanhada-aos-beijos-com-ze\/\" rel=\"nofollow noopener\" target=\"_blank\">revista <strong>Maria<\/strong><\/a>, eles &#8220;envolveram-se nessa noite, trocaram uns beijos e houve uns apalp\u00f5es. Todas as pessoas que estavam na discoteca viram&#8221;.\u00a0<\/p>\n<p><strong>Z\u00e9 negou qualquer envolvimento mais \u00edntimo e assegurou que se trata apenas de uma &#8220;amizadezinha&#8221;.\u00a0<\/strong><\/p>\n<p>Sandro, ex-concorrente da Casa dos Segredos, critica Cristina Ferreira<\/p>\n<p>Texto: Beatriz Soares; Fotos: Arquivo Impala e Redes Sociais.\u00a0<\/p>\n<p class=\"intagram-text\">Siga a Nova Gente no Instagram<\/p>\n<p>                        <a href=\"https:\/\/www.instagram.com\/revistanovagente\/\" target=\"_blank\" aria-label=\"instagram\" rel=\"noopener nofollow\"><img decoding=\"async\" style=\"display: block; margin-left: auto; margin-right: auto; width: 250px; height: 83px;\" src=\"https:\/\/www.europesays.com\/pt\/wp-content\/uploads\/2025\/11\/Instagram_NG.png\" alt=\"instagram\"\/><\/a><br \/>\n                    <script async src=\"\/\/www.instagram.com\/embed.js\"><\/script><\/p>\n","protected":false},"excerpt":{"rendered":"N\u00e3o \u00e9 novidade para ningu\u00e9m o estrondoso sucesso que Z\u00e9, ex-noivo de Liliana, tem alcan\u00e7ado enquanto a jovem&hellip;\n","protected":false},"author":2,"featured_media":183626,"comment_status":"","ping_status":"","sticky":false,"template":"","format":"standard","meta":{"footnotes":""},"categories":[142],"tags":[2632,166,114,115,19082,19016,884,32,33,151,975],"class_list":{"0":"post-183625","1":"post","2":"type-post","3":"status-publish","4":"format-standard","5":"has-post-thumbnail","7":"category-tv","8":"tag-casa-dos-segredos","9":"tag-cristina-ferreira","10":"tag-entertainment","11":"tag-entretenimento","12":"tag-fabio","13":"tag-liliana","14":"tag-mariana","15":"tag-portugal","16":"tag-pt","17":"tag-tv","18":"tag-ze"},"share_on_mastodon":{"url":"https:\/\/pubeurope.com\/@pt\/115698504152009588","error":""},"_links":{"self":[{"href":"https:\/\/www.europesays.com\/pt\/wp-json\/wp\/v2\/posts\/183625","targetHints":{"allow":["GET"]}}],"collection":[{"href":"https:\/\/www.europesays.com\/pt\/wp-json\/wp\/v2\/posts"}],"about":[{"href":"https:\/\/www.europesays.com\/pt\/wp-json\/wp\/v2\/types\/post"}],"author":[{"embeddable":true,"href":"https:\/\/www.europesays.com\/pt\/wp-json\/wp\/v2\/users\/2"}],"replies":[{"embeddable":true,"href":"https:\/\/www.europesays.com\/pt\/wp-json\/wp\/v2\/comments?post=183625"}],"version-history":[{"count":0,"href":"https:\/\/www.europesays.com\/pt\/wp-json\/wp\/v2\/posts\/183625\/revisions"}],"wp:featuredmedia":[{"embeddable":true,"href":"https:\/\/www.europesays.com\/pt\/wp-json\/wp\/v2\/media\/183626"}],"wp:attachment":[{"href":"https:\/\/www.europesays.com\/pt\/wp-json\/wp\/v2\/media?parent=183625"}],"wp:term":[{"taxonomy":"category","embeddable":true,"href":"https:\/\/www.europesays.com\/pt\/wp-json\/wp\/v2\/categories?post=183625"},{"taxonomy":"post_tag","embeddable":true,"href":"https:\/\/www.europesays.com\/pt\/wp-json\/wp\/v2\/tags?post=183625"}],"curies":[{"name":"wp","href":"https:\/\/api.w.org\/{rel}","templated":true}]}}