{"id":183637,"date":"2025-12-11T02:21:09","date_gmt":"2025-12-11T02:21:09","guid":{"rendered":"https:\/\/www.europesays.com\/pt\/183637\/"},"modified":"2025-12-11T02:21:09","modified_gmt":"2025-12-11T02:21:09","slug":"globo-deixa-ator-de-93-anos-fora-de-homenagem-e-veterano-se-pronuncia-estou-aqui","status":"publish","type":"post","link":"https:\/\/www.europesays.com\/pt\/183637\/","title":{"rendered":"Globo deixa ator de 93 anos fora de homenagem e veterano se pronuncia: &#8216;Estou aqui&#8217;"},"content":{"rendered":"<p>A Globo deixou um dos veteranos de seu time de novelas fora da <a href=\"https:\/\/caras.com.br\/revista\/icones-sao-eternizados-nos-30-anos-dos-estudios-globo-a-casa-dos-talentos.phtml\" rel=\"nofollow noopener\" target=\"_blank\">homenagem que preparou recentemente<\/a> nos est\u00fadios da emissora: <strong>Stenio Garcia<\/strong> (93).\u00a0 Dono de uma trajet\u00f3ria de 47 anos no canal carioca, o ator se pronunciou sobre a falta de convite do canal carioca. \u201cEstou aqui\u201d, disse.<\/p>\n<p>Em entrevista \u00e0 jornalista <strong>Fabia Oliveira<\/strong>, do Metr\u00f3poles, durante a inaugura\u00e7\u00e3o do sal\u00e3o Lalaconte, no Barra Shopping, na zona sudoeste do Rio de Janeiro, na \u00faltima sexta-feira, 5, o veterano respondeu ao ser questionado sobre o fato:<\/p>\n<p>\u201cTemos muito mais do que fama na Globo. A emissora sempre foi a minha casa, eu a vejo dessa forma. Ent\u00e3o, fazer parte da Cal\u00e7ada seria como ampliar essa casa\u201d, refletiu Stenio. Apesar disso, ele contou que nenhum convite chegou at\u00e9 agora. \u201cPor enquanto, n\u00e3o recebi nada. Mas estou \u00e0 disposi\u00e7\u00e3o\u201d, garantiu.<\/p>\n<p> <img loading=\"lazy\" decoding=\"async\" class=\"size-full wp-image-965521 img-fluid lazy\" alt=\"St\u00eanio Garcia\" width=\"1920\" height=\"1080\" src=\"https:\/\/www.europesays.com\/pt\/wp-content\/uploads\/2025\/12\/stenio-garcia.jpg\"\/>St\u00eanio Garcia \u2013 Foto: Reprodu\u00e7\u00e3o \/ Instagram Cal\u00e7ada da Fama <\/p>\n<p>A homenagem \u2014 lan\u00e7ada em outubro \u2014 reuniu grandes nomes na primeira etapa, entre eles<strong> Tony Ramos<\/strong> (77),<strong> Renato Arag\u00e3o<\/strong> (90), <strong>Laura Cardoso<\/strong> (98), <strong>Nathalia Timberg<\/strong> (96), <strong>Walcyr Carrasco<\/strong> (74), <strong>Neusa Borges<\/strong> (83), <strong>Rosamaria Murtinho<\/strong> (93), <strong>Ary Fontoura<\/strong> (92), <strong>Betty Faria<\/strong> (84) e <strong>Serginho Groisman<\/strong> (75). No in\u00edcio de dezembro, uma nova leva de artistas foi celebrada: <strong>Susana Vieira<\/strong> (83), <strong>Luiz Fernando Guimar\u00e3es<\/strong> (76), <strong>Tony Tornado<\/strong> (95), <strong>Marcos Caruso<\/strong> (73), <strong>N\u00edvea Maria<\/strong> (78), <strong>Zez\u00e9 Motta<\/strong> (81), <strong>Daniel Filho<\/strong> (88), <strong>Ded\u00e9 Santana<\/strong> (89),<strong> Osmar Prado<\/strong> (78), <strong>Arlete Salles<\/strong> (87),<strong> Regina Duarte<\/strong> (78), <strong>Walter Carvalho<\/strong> (78), <strong>Vera Fischer<\/strong> (74),<strong> Irene Ravache<\/strong> (81) e<strong> Othon Bastos<\/strong> (92).<\/p>\n<p>Mesmo diante da aus\u00eancia em meio a tantos colegas prestigiados, Stenio destaca que n\u00e3o guarda ressentimentos. \u201cN\u00e3o me sinto deixado de lado. Estou aqui, pronto para o que vier\u201d, disse o ator, mantendo o bom humor e a postura acolhedora que sempre marcaram sua carreira.<\/p>\n<p> Carreira <\/p>\n<p>Em sua trajet\u00f3ria na TV, Stenio Garcia acumula diversos pap\u00e9is eternizados nas novelas e s\u00e9ries da Globo, entre eles o lend\u00e1rio Bino de Carga Pesada (1979-81 e 2003-07), o Tio Ali de O Clone (2001), Z\u00e9 do Araguaia de O Rei do Gado (1996), Corcoran de Que Rei sou Eu? (1989), entre outros.<\/p>\n<p><strong>Assista a um trecho de Stenio Garcia em Carga Pesada:<\/strong><\/p>\n","protected":false},"excerpt":{"rendered":"A Globo deixou um dos veteranos de seu time de novelas fora da homenagem que preparou recentemente nos&hellip;\n","protected":false},"author":2,"featured_media":183638,"comment_status":"","ping_status":"","sticky":false,"template":"","format":"standard","meta":{"footnotes":""},"categories":[145],"tags":[37398,211,210,114,115,753,32,33,37399],"class_list":{"0":"post-183637","1":"post","2":"type-post","3":"status-publish","4":"format-standard","5":"has-post-thumbnail","7":"category-celebridades","8":"tag-calcada-da-fama","9":"tag-celebridades","10":"tag-celebrities","11":"tag-entertainment","12":"tag-entretenimento","13":"tag-globo","14":"tag-portugal","15":"tag-pt","16":"tag-stenio-garcia"},"share_on_mastodon":{"url":"https:\/\/pubeurope.com\/@pt\/115698551155318637","error":""},"_links":{"self":[{"href":"https:\/\/www.europesays.com\/pt\/wp-json\/wp\/v2\/posts\/183637","targetHints":{"allow":["GET"]}}],"collection":[{"href":"https:\/\/www.europesays.com\/pt\/wp-json\/wp\/v2\/posts"}],"about":[{"href":"https:\/\/www.europesays.com\/pt\/wp-json\/wp\/v2\/types\/post"}],"author":[{"embeddable":true,"href":"https:\/\/www.europesays.com\/pt\/wp-json\/wp\/v2\/users\/2"}],"replies":[{"embeddable":true,"href":"https:\/\/www.europesays.com\/pt\/wp-json\/wp\/v2\/comments?post=183637"}],"version-history":[{"count":0,"href":"https:\/\/www.europesays.com\/pt\/wp-json\/wp\/v2\/posts\/183637\/revisions"}],"wp:featuredmedia":[{"embeddable":true,"href":"https:\/\/www.europesays.com\/pt\/wp-json\/wp\/v2\/media\/183638"}],"wp:attachment":[{"href":"https:\/\/www.europesays.com\/pt\/wp-json\/wp\/v2\/media?parent=183637"}],"wp:term":[{"taxonomy":"category","embeddable":true,"href":"https:\/\/www.europesays.com\/pt\/wp-json\/wp\/v2\/categories?post=183637"},{"taxonomy":"post_tag","embeddable":true,"href":"https:\/\/www.europesays.com\/pt\/wp-json\/wp\/v2\/tags?post=183637"}],"curies":[{"name":"wp","href":"https:\/\/api.w.org\/{rel}","templated":true}]}}