{"id":183639,"date":"2025-12-11T02:24:26","date_gmt":"2025-12-11T02:24:26","guid":{"rendered":"https:\/\/www.europesays.com\/pt\/183639\/"},"modified":"2025-12-11T02:24:26","modified_gmt":"2025-12-11T02:24:26","slug":"marcia-soares-partilha-testemunho-poderoso-e-o-momento-certo-para-dizer-que-nao-secret-story","status":"publish","type":"post","link":"https:\/\/www.europesays.com\/pt\/183639\/","title":{"rendered":"Marcia Soares partilha testemunho poderoso: \u00ab\u00c9 o momento certo para dizer que n\u00e3o\u00bb &#8211; Secret Story"},"content":{"rendered":"<p data-end=\"1168\" data-start=\"848\">A \u00e9poca natal\u00edcia arrancou oficialmente e, com ela, chegam tamb\u00e9m momentos de balan\u00e7o e de reencontro interior. Num novo v\u00eddeo partilhado pela <strong><a href=\"https:\/\/selfie.iol.pt\/\" target=\"_blank\" rel=\"nofollow noopener\">SELFIE<\/a><\/strong>, Marcia Soares deixou uma mensagem que est\u00e1 a emocionar os seguidores, ao lembrar que esta \u00e9 a altura perfeita para alinhar prioridades e cuidar do que realmente importa.<\/p>\n<p data-end=\"1526\" data-start=\"1170\">\u00ab\u00c9 o momento certo para dizer que n\u00e3o ao que n\u00e3o nos faz avan\u00e7ar, aos lugares onde j\u00e1 n\u00e3o pertencemos e \u00e0s presen\u00e7as que nada nos acrescentam\u00bb, recorda a ex-concorrente, numa reflex\u00e3o carregada de honestidade e humanidade. Para Marcia, o Natal \u00e9 igualmente o tempo de dizer \u201csim\u201d a n\u00f3s pr\u00f3prios, de parar, agradecer e reconhecer tudo o que j\u00e1 conquist\u00e1mos.<\/p>\n<p data-end=\"1763\" data-start=\"1528\">No v\u00eddeo, a ex-concorrente do <a href=\"https:\/\/tvi.iol.pt\/bigbrother\/\" target=\"_blank\" rel=\"nofollow noopener\"><strong>Big Brother<\/strong><\/a> e comentadora da TVI sublinha ainda a import\u00e2ncia de resolver pequenas pend\u00eancias emocionais: aquela chamada adiada, um pedido de desculpas que ficou por fazer ou at\u00e9 as \u201cgavetas\u201d que pedem arruma\u00e7\u00e3o, as de casa e as do cora\u00e7\u00e3o.<\/p>\n<p data-end=\"1988\" data-start=\"1765\">Marcia remata com uma ideia que resume todo o esp\u00edrito da mensagem: antes de come\u00e7ar um novo ano, h\u00e1 beleza em alinhar quem somos com aquilo que queremos ser. Porque, lembra, \u00abo Natal \u00e9 tamb\u00e9m isto: um reencontro connosco\u00bb.<\/p>\n<p>Veja a publica\u00e7\u00e3o aqui: <\/p>\n<p data-end=\"1988\" data-start=\"1765\">\u00a0<\/p>\n","protected":false},"excerpt":{"rendered":"A \u00e9poca natal\u00edcia arrancou oficialmente e, com ela, chegam tamb\u00e9m momentos de balan\u00e7o e de reencontro interior. Num&hellip;\n","protected":false},"author":2,"featured_media":152805,"comment_status":"","ping_status":"","sticky":false,"template":"","format":"standard","meta":{"footnotes":""},"categories":[142],"tags":[18706,48,114,115,18705,2038,7561,32,33,151,18704],"class_list":{"0":"post-183639","1":"post","2":"type-post","3":"status-publish","4":"format-standard","5":"has-post-thumbnail","7":"category-tv","8":"tag-bastidores-secret-story","9":"tag-big-brother","10":"tag-entertainment","11":"tag-entretenimento","12":"tag-entrevistas-concorrentes-tvi","13":"tag-marcia-soares","14":"tag-natal","15":"tag-portugal","16":"tag-pt","17":"tag-tv","18":"tag-vida-fora-da-casa"},"share_on_mastodon":{"url":"https:\/\/pubeurope.com\/@pt\/115698562927518213","error":""},"_links":{"self":[{"href":"https:\/\/www.europesays.com\/pt\/wp-json\/wp\/v2\/posts\/183639","targetHints":{"allow":["GET"]}}],"collection":[{"href":"https:\/\/www.europesays.com\/pt\/wp-json\/wp\/v2\/posts"}],"about":[{"href":"https:\/\/www.europesays.com\/pt\/wp-json\/wp\/v2\/types\/post"}],"author":[{"embeddable":true,"href":"https:\/\/www.europesays.com\/pt\/wp-json\/wp\/v2\/users\/2"}],"replies":[{"embeddable":true,"href":"https:\/\/www.europesays.com\/pt\/wp-json\/wp\/v2\/comments?post=183639"}],"version-history":[{"count":0,"href":"https:\/\/www.europesays.com\/pt\/wp-json\/wp\/v2\/posts\/183639\/revisions"}],"wp:featuredmedia":[{"embeddable":true,"href":"https:\/\/www.europesays.com\/pt\/wp-json\/wp\/v2\/media\/152805"}],"wp:attachment":[{"href":"https:\/\/www.europesays.com\/pt\/wp-json\/wp\/v2\/media?parent=183639"}],"wp:term":[{"taxonomy":"category","embeddable":true,"href":"https:\/\/www.europesays.com\/pt\/wp-json\/wp\/v2\/categories?post=183639"},{"taxonomy":"post_tag","embeddable":true,"href":"https:\/\/www.europesays.com\/pt\/wp-json\/wp\/v2\/tags?post=183639"}],"curies":[{"name":"wp","href":"https:\/\/api.w.org\/{rel}","templated":true}]}}