{"id":183656,"date":"2025-12-11T02:57:18","date_gmt":"2025-12-11T02:57:18","guid":{"rendered":"https:\/\/www.europesays.com\/pt\/183656\/"},"modified":"2025-12-11T02:57:18","modified_gmt":"2025-12-11T02:57:18","slug":"senti-o-maior-alivio-que-alguma-vez-senti-na-vida","status":"publish","type":"post","link":"https:\/\/www.europesays.com\/pt\/183656\/","title":{"rendered":"\u00abSenti o maior al\u00edvio que alguma vez senti na vida\u00bb"},"content":{"rendered":"<p>&#8211; Advertisement &#8211;<\/p>\n<p><strong>Jo\u00e3o Neves relembrou a conquista da Champions League na temporada passada, ao servi\u00e7o do PSG e falou do seu desempenho atual.<\/strong><\/p>\n<p>Seis meses depois de levantar o trof\u00e9u da <a href=\"https:\/\/bolanarede.pt\/categoria\/internacional\/liga-dos-campeoes\/\" target=\"_blank\" rel=\"noreferrer noopener nofollow\">Champions League<\/a>, Jo\u00e3o Neves refletiu sobre a import\u00e2ncia da conquista e recordou v\u00e1rias hist\u00f3rias do seu passado. O m\u00e9dio do <a href=\"https:\/\/bolanarede.pt\/etiqueta\/psg-2\/\" target=\"_blank\" rel=\"noreferrer noopener nofollow\">PSG<\/a> falou tamb\u00e9m da sua veia goleadora esta temporada.<\/p>\n<p>O jogador formado no Benfica come\u00e7ou por focar-se no caminho do PSG na Champions League, esta temporada: <\/p>\n<p>\u00abNunca pensei que era mais que algu\u00e9m por ter dois, cinco, dez trof\u00e9us, quero continuar a ganhar. Sabemos que a nossa qualifica\u00e7\u00e3o para a fase seguinte est\u00e1 praticamente garantida, mas o nosso objectivo \u00e9 terminar no\u00a0top-8. Vamos encarar um jogo de cada vez, como fizemos na \u00e9poca passada. Est\u00e1vamos a ter uma temporada horr\u00edvel na\u00a0Champions League\u00a0mas terminou da forma que terminou. N\u00e3o t\u00ednhamos nada a perder, este ano \u00e9 o mesmo, somos os detentores da\u00a0Champions, mas temos qualidade para voltar a ganhar\u00bb.<\/p>\n<p>De seguida, relembrou os sentimentos ap\u00f3s a conquista da competi\u00e7\u00e3o: <\/p>\n<p>\u00abSenti o maior al\u00edvio que alguma vez senti na vida. A \u00e9poca tinha terminado da melhor forma poss\u00edvel, ningu\u00e9m nos podia acusar negativamente de nada, e depois era apenas uma quest\u00e3o de aproveitar a ocasi\u00e3o e comemorar com os nossos amigos e fam\u00edlia\u00bb.<\/p>\n<p><a href=\"https:\/\/bolanarede.pt\/etiqueta\/joao-neves\/\" target=\"_blank\" rel=\"noreferrer noopener nofollow\">Jo\u00e3o Neves<\/a> abordou ainda o seu registo impressionante desta temporada, com 9 golos e duas assist\u00eancias:<\/p>\n<p>\u00abQuero ser capaz de fazer um pouco de tudo. Talvez as pessoas me subestimem por causa do meu tamanho e pelo facto de n\u00e3o ter grande for\u00e7a f\u00edsica, mas o futebol est\u00e1 cada vez mais t\u00e1tico e a intelig\u00eancia tem talvez o papel mais importante. Se n\u00e3o \u00e9s fisicamente forte, precisas de ser inteligente\u00bb.<\/p>\n<p>Por fim, abriu-se sobre a rela\u00e7\u00e3o com o seu pai e a forma como o moldou para o futebol: <\/p>\n<p>\u00abSempre vivi com a frase do meu pai \u2018o mais dif\u00edcil n\u00e3o \u00e9 chegar, \u00e9 manter\u2019 (\u2026) O meu pai sendo pol\u00edcia tinha sempre uma maneira de educar mais r\u00edgida. Tinha sempre de estar tudo em ordem, e levei isso para a minha vida adulta. Acho que n\u00e3o estaria onde estou agora se n\u00e3o fosse esta educa\u00e7\u00e3o r\u00edgida. N\u00e3o teria a perseveran\u00e7a e a resili\u00eancia que tenho (\u2026) Lembro-me de fazermos corridas durante o confinamento provocado pela COVID, quando est\u00e1vamos a treinar em casa. O plano era fazer 15 segundos a andar e 15 segundos a correr, e o meu pai \u2014 sem me dizer nada \u2014 fazia-me correr 17 segundos e descansar 13. N\u00e3o sabia de nada. Estou muito contente por ter realizado os meus sonhos. \u00c9 tudo gra\u00e7as ao meu suporte familiar\u00bb.<\/p>\n<p><img fetchpriority=\"high\" decoding=\"async\" width=\"1024\" height=\"576\" src=\"data:image\/svg+xml,%3Csvg%20xmlns=\" http:=\"\" alt=\"PSG Jogadores Champions League\" class=\"wp-image-403159 ewww_webp_lazy_load\" data-lazy- data-lazy- data-lazy-src=\"https:\/\/www.europesays.com\/pt\/wp-content\/uploads\/2025\/12\/PSG-Jogadores-Champions-League-1024x576.jpg\" data-lazy-src-webp=\"https:\/\/www.europesays.com\/pt\/wp-content\/uploads\/2025\/12\/PSG-Jogadores-Champions-League-1024x576.jpg.webp\" data-lazy-srcset-webp=\"https:\/\/www.europesays.com\/pt\/wp-content\/uploads\/2025\/12\/PSG-Jogadores-Champions-League-1024x576.jpg.webp 1024w, https:\/\/binny-bolanarede.b-cdn.net\/wp-content\/uploads\/2025\/05\/PSG-Jogadores-Champions-League-300x169.jpg.webp 300w, https:\/\/binny-bolanarede.b-cdn.net\/wp-content\/uploads\/2025\/05\/PSG-Jogadores-Champions-League-768x432.jpg.webp 768w, https:\/\/binny-bolanarede.b-cdn.net\/wp-content\/uploads\/2025\/05\/PSG-Jogadores-Champions-League-1536x864.jpg.webp 1536w, https:\/\/binny-bolanarede.b-cdn.net\/wp-content\/uploads\/2025\/05\/PSG-Jogadores-Champions-League-150x84.jpg.webp 150w, https:\/\/binny-bolanarede.b-cdn.net\/wp-content\/uploads\/2025\/05\/PSG-Jogadores-Champions-League-696x392.jpg.webp 696w, https:\/\/binny-bolanarede.b-cdn.net\/wp-content\/uploads\/2025\/05\/PSG-Jogadores-Champions-League-1068x601.jpg.webp 1068w, https:\/\/binny-bolanarede.b-cdn.net\/wp-content\/uploads\/2025\/05\/PSG-Jogadores-Champions-League.jpg.webp 1920w\"\/>Fonte: Paris Saint-Germain FC<\/p>\n","protected":false},"excerpt":{"rendered":"&#8211; Advertisement &#8211; Jo\u00e3o Neves relembrou a conquista da Champions League na temporada passada, ao servi\u00e7o do PSG&hellip;\n","protected":false},"author":2,"featured_media":183657,"comment_status":"","ping_status":"","sticky":false,"template":"","format":"standard","meta":{"footnotes":""},"categories":[87],"tags":[260,1230,135,8374,1767,32,1758,33,134],"class_list":{"0":"post-183656","1":"post","2":"type-post","3":"status-publish","4":"format-standard","5":"has-post-thumbnail","7":"category-desporto","8":"tag-atualidade","9":"tag-champions-league","10":"tag-desporto","11":"tag-joao-neves","12":"tag-ligue-1","13":"tag-portugal","14":"tag-psg","15":"tag-pt","16":"tag-sports"},"share_on_mastodon":{"url":"https:\/\/pubeurope.com\/@pt\/115698692622204161","error":""},"_links":{"self":[{"href":"https:\/\/www.europesays.com\/pt\/wp-json\/wp\/v2\/posts\/183656","targetHints":{"allow":["GET"]}}],"collection":[{"href":"https:\/\/www.europesays.com\/pt\/wp-json\/wp\/v2\/posts"}],"about":[{"href":"https:\/\/www.europesays.com\/pt\/wp-json\/wp\/v2\/types\/post"}],"author":[{"embeddable":true,"href":"https:\/\/www.europesays.com\/pt\/wp-json\/wp\/v2\/users\/2"}],"replies":[{"embeddable":true,"href":"https:\/\/www.europesays.com\/pt\/wp-json\/wp\/v2\/comments?post=183656"}],"version-history":[{"count":0,"href":"https:\/\/www.europesays.com\/pt\/wp-json\/wp\/v2\/posts\/183656\/revisions"}],"wp:featuredmedia":[{"embeddable":true,"href":"https:\/\/www.europesays.com\/pt\/wp-json\/wp\/v2\/media\/183657"}],"wp:attachment":[{"href":"https:\/\/www.europesays.com\/pt\/wp-json\/wp\/v2\/media?parent=183656"}],"wp:term":[{"taxonomy":"category","embeddable":true,"href":"https:\/\/www.europesays.com\/pt\/wp-json\/wp\/v2\/categories?post=183656"},{"taxonomy":"post_tag","embeddable":true,"href":"https:\/\/www.europesays.com\/pt\/wp-json\/wp\/v2\/tags?post=183656"}],"curies":[{"name":"wp","href":"https:\/\/api.w.org\/{rel}","templated":true}]}}