{"id":183658,"date":"2025-12-11T02:58:27","date_gmt":"2025-12-11T02:58:27","guid":{"rendered":"https:\/\/www.europesays.com\/pt\/183658\/"},"modified":"2025-12-11T02:58:27","modified_gmt":"2025-12-11T02:58:27","slug":"filho-de-viih-tube-enfrentou-quadro-grave-ao-nascer-e-medica-expoe-o-que-realmente-aconteceu","status":"publish","type":"post","link":"https:\/\/www.europesays.com\/pt\/183658\/","title":{"rendered":"Filho de Viih Tube enfrentou quadro grave ao nascer e m\u00e9dica exp\u00f5e o que realmente aconteceu"},"content":{"rendered":"<p data-start=\"465\" data-end=\"1060\">A jornada da influenciadora <a href=\"https:\/\/caras.com.br\/tags\/viih-tube\" rel=\"nofollow noopener\" target=\"_blank\"><strong>Viih Tube<\/strong><\/a> (25) com o filho, <strong>Ravi<\/strong> (1) ganhou novos contornos quando a fam\u00edlia recebeu a suspeita de alergia alimentar logo ap\u00f3s o nascimento do pequeno. O menino passou semanas internado, enfrentou inflama\u00e7\u00e3o intestinal e deixou os m\u00e9dicos em alerta sobre a possibilidade de uma resposta imunol\u00f3gica incomum ainda nos primeiros dias de vida.<\/p>\n<p data-start=\"465\" data-end=\"1060\">A experi\u00eancia, embora angustiante, reacende um debate essencial sobre como as alergias se manifestam na inf\u00e2ncia e por que o diagn\u00f3stico respons\u00e1vel \u00e9 decisivo para evitar erros que podem comprometer o desenvolvimento do beb\u00ea. Antes de chegar a qualquer conclus\u00e3o, especialistas refor\u00e7am que alergia alimentar na primeira inf\u00e2ncia envolve particularidades que n\u00e3o permitem generaliza\u00e7\u00f5es.<\/p>\n<p> Sinais que confundem as fam\u00edlias e exigem investiga\u00e7\u00e3o detalhada <\/p>\n<p data-start=\"465\" data-end=\"1060\">A m\u00e9dica alergista e imunologista <strong>Dra. Brianna Nicoletti<\/strong> explica em entrevista \u00e0 <strong>CARAS Brasil<\/strong> que cada decis\u00e3o tomada na interna\u00e7\u00e3o influencia o desfecho nutricional, emocional e imunol\u00f3gico da crian\u00e7a e de toda a fam\u00edlia. Segundo ela, \u00e9 fundamental entender o que a ci\u00eancia realmente diz sobre quadros como a APLV e outras condi\u00e7\u00f5es que podem simular alergia, especialmente em rec\u00e9m-nascidos hospitalizados.<\/p>\n<p data-start=\"1605\" data-end=\"2299\">Ao falar sobre amamenta\u00e7\u00e3o e suspeita de alergia \u00e0 prote\u00edna do leite de vaca, a especialista lembra que o desmame por conta pr\u00f3pria raramente \u00e9 o caminho mais adequado. \u201cA APLV pode aparecer mesmo em beb\u00eas que recebem apenas leite materno, mas isso \u00e9 muito raro\u201d, explica. Ela refor\u00e7a que a conduta correta costuma ser bem mais conservadora. \u201cO que orientamos \u00e9 manter a amamenta\u00e7\u00e3o, retirar o leite de vaca da dieta materna e reavaliar a crian\u00e7a em algumas semanas\u201d, afirma.<\/p>\n<p data-start=\"1605\" data-end=\"2299\">Segundo a m\u00e9dica, a melhora imediata ap\u00f3s suspender o aleitamento n\u00e3o confirma o diagn\u00f3stico. \u201cEsse tipo de mudan\u00e7a pode coincidir com o curso natural do quadro ou com outras interven\u00e7\u00f5es feitas no hospital\u201d, completa.<\/p>\n<p> Quando a inflama\u00e7\u00e3o vai al\u00e9m da alergia e aponta riscos mais s\u00e9rios <\/p>\n<p data-start=\"2301\" data-end=\"3046\">Outro ponto que costuma confundir m\u00e3es e pais \u00e9 a ideia de que testes s\u00f3 podem ser realizados quando a crian\u00e7a atinge certa idade. A especialista desmistifica o tema com tranquilidade. \u201cN\u00e3o existe essa regra de que s\u00f3 se pode testar depois de um ano e meio\u201d, esclarece.<\/p>\n<p data-start=\"2301\" data-end=\"3046\">De acordo com ela, exames cut\u00e2neos e IgE espec\u00edfica podem ser feitos ainda nos primeiros meses, desde que haja suspeita de alergia mediada por IgE. Para outros tipos de alergia, o racioc\u00ednio \u00e9 diferente. \u201cNas alergias n\u00e3o mediadas por IgE, como a enterocolite induzida por prote\u00edna alimentar, os exames podem vir normais mesmo com a doen\u00e7a ativa\u201d, observa. Por isso, a avalia\u00e7\u00e3o cl\u00ednica e o teste de exclus\u00e3o com posterior reintrodu\u00e7\u00e3o continuam sendo pilares no diagn\u00f3stico.<\/p>\n<p data-start=\"3048\" data-end=\"3690\">Quando o assunto chega \u00e0 inflama\u00e7\u00e3o intestinal logo nos primeiros dias de vida, cen\u00e1rio vivido por Ravi, a m\u00e9dica admite que o leque de possibilidades diagn\u00f3sticas vai muito al\u00e9m da alergia. A gravidade do quadro precisa ser analisada com cautela.<\/p>\n<p data-start=\"3048\" data-end=\"3690\">\u201cUma inflama\u00e7\u00e3o intestinal t\u00e3o precoce levanta suspeitas importantes, como enterocolite necrosante, enterocolite induzida por prote\u00edna alimentar ou at\u00e9 uma infec\u00e7\u00e3o intestinal\u201d, explica. Entre essas, uma delas merece aten\u00e7\u00e3o redobrada. \u201cA enterocolite necrosante \u00e9 uma condi\u00e7\u00e3o grave e muito mais comum do que alergia alimentar nessa idade, principalmente em rec\u00e9m-nascidos internados\u201d, alerta.<\/p>\n<p data-start=\"3692\" data-end=\"4242\">Para fam\u00edlias que passam por situa\u00e7\u00f5es parecidas, a especialista refor\u00e7a que a informa\u00e7\u00e3o t\u00e9cnica \u00e9 uma aliada poderosa. \u201cO mais importante \u00e9 que o manejo seja guiado por evid\u00eancias e por profissionais experientes, porque decis\u00f5es tomadas cedo podem influenciar toda a trajet\u00f3ria de sa\u00fade do beb\u00ea\u201d, afirma.<\/p>\n<p data-start=\"3692\" data-end=\"4242\">Ela tamb\u00e9m aconselha que respons\u00e1veis nunca fa\u00e7am dietas restritivas extensas sem supervis\u00e3o. \u201cA conduta correta evita diagn\u00f3sticos precipitados e garante que a crian\u00e7a tenha acesso \u00e0 nutri\u00e7\u00e3o adequada, que \u00e9 fundamental nessa fase\u201d, completa.<\/p>\n<p data-start=\"3692\" data-end=\"4242\"><strong>VEJA PUBLICA\u00c7\u00c3O RECENTE DE VIIH TUBE:<\/strong><\/p>\n<blockquote class=\"instagram-media\" style=\"background: #FFF; border: 0; border-radius: 3px; box-shadow: 0 0 1px 0 rgba(0,0,0,0.5),0 1px 10px 0 rgba(0,0,0,0.15); margin: 1px; max-width: 540px; min-width: 326px; padding: 0; width: calc(100% - 2px);\" data-instgrm-captioned=\"\" data-instgrm-permalink=\"https:\/\/www.instagram.com\/reel\/DR95AtVDWpF\/?utm_source=ig_embed&amp;utm_campaign=loading\" data-instgrm-version=\"14\"><\/blockquote>\n<p>        <a href=\"https:\/\/caras.com.br\/autor\/dra-brianna-nicoletti\" rel=\"nofollow noopener\" target=\"_blank\">&#13;<br \/>\n          <img loading=\"lazy\" decoding=\"async\" alt=\"Dra. Brianna Nicoletti\" src=\"https:\/\/www.europesays.com\/pt\/wp-content\/uploads\/2025\/12\/Brianna-Nicoletti-150x150.jpg\" class=\"avatar avatar-115 photo rounded-circle\" height=\"115\" width=\"115\"\/>        <\/a><\/p>\n<p>Dra. Brianna Nicoletti \u00e9 m\u00e9dica (CRM 113.368) com 21 anos de experi\u00eancia. Graduada pela PUC Campinas, possui especializa\u00e7\u00e3o em Alergia e Imunologia pela USP. Fez resid\u00eancia de medicina interna na Unicamp (2006), al\u00e9m de resid\u00eancia m\u00e9dica em Alergia e Imunologia na USP (2009). Tamb\u00e9m \u00e9 M\u00e9dica Especialista em Alergia e Imunologia do Corpo Cl\u00ednico referenciada pelo Hospital Israelita Albert Einstein h\u00e1 10 anos.<\/p>\n<p>\t                                            <script async src=\"\/\/www.instagram.com\/embed.js\"><\/script><\/p>\n","protected":false},"excerpt":{"rendered":"A jornada da influenciadora Viih Tube (25) com o filho, Ravi (1) ganhou novos contornos quando a fam\u00edlia&hellip;\n","protected":false},"author":2,"featured_media":183659,"comment_status":"","ping_status":"","sticky":false,"template":"","format":"standard","meta":{"footnotes":""},"categories":[86],"tags":[116,32,33,117,12756],"class_list":{"0":"post-183658","1":"post","2":"type-post","3":"status-publish","4":"format-standard","5":"has-post-thumbnail","7":"category-saude","8":"tag-health","9":"tag-portugal","10":"tag-pt","11":"tag-saude","12":"tag-viih-tube"},"share_on_mastodon":{"url":"https:\/\/pubeurope.com\/@pt\/115698696669396343","error":""},"_links":{"self":[{"href":"https:\/\/www.europesays.com\/pt\/wp-json\/wp\/v2\/posts\/183658","targetHints":{"allow":["GET"]}}],"collection":[{"href":"https:\/\/www.europesays.com\/pt\/wp-json\/wp\/v2\/posts"}],"about":[{"href":"https:\/\/www.europesays.com\/pt\/wp-json\/wp\/v2\/types\/post"}],"author":[{"embeddable":true,"href":"https:\/\/www.europesays.com\/pt\/wp-json\/wp\/v2\/users\/2"}],"replies":[{"embeddable":true,"href":"https:\/\/www.europesays.com\/pt\/wp-json\/wp\/v2\/comments?post=183658"}],"version-history":[{"count":0,"href":"https:\/\/www.europesays.com\/pt\/wp-json\/wp\/v2\/posts\/183658\/revisions"}],"wp:featuredmedia":[{"embeddable":true,"href":"https:\/\/www.europesays.com\/pt\/wp-json\/wp\/v2\/media\/183659"}],"wp:attachment":[{"href":"https:\/\/www.europesays.com\/pt\/wp-json\/wp\/v2\/media?parent=183658"}],"wp:term":[{"taxonomy":"category","embeddable":true,"href":"https:\/\/www.europesays.com\/pt\/wp-json\/wp\/v2\/categories?post=183658"},{"taxonomy":"post_tag","embeddable":true,"href":"https:\/\/www.europesays.com\/pt\/wp-json\/wp\/v2\/tags?post=183658"}],"curies":[{"name":"wp","href":"https:\/\/api.w.org\/{rel}","templated":true}]}}