{"id":183673,"date":"2025-12-11T03:32:08","date_gmt":"2025-12-11T03:32:08","guid":{"rendered":"https:\/\/www.europesays.com\/pt\/183673\/"},"modified":"2025-12-11T03:32:08","modified_gmt":"2025-12-11T03:32:08","slug":"uma-noite-epica-e-de-muito-choque-contada-em-imagens-foi-assim-que-o-segredo-de-pedro-foi-descoberto-secret-story","status":"publish","type":"post","link":"https:\/\/www.europesays.com\/pt\/183673\/","title":{"rendered":"Uma noite \u00e9pica e de muito choque contada em imagens. Foi assim que o segredo de Pedro foi descoberto &#8211; Secret Story"},"content":{"rendered":"<p>\n                    Choque total e gritos! Segredo de Pedro \u00e9 revelado e as rea\u00e7\u00f5es s\u00e3o impag\u00e1veis. Eis as imagens da noite mais memor\u00e1vel do Secret Story\n                <\/p>\n<p style=\"margin-bottom:11px\">O segredo de Pedro acaba de ser revelado. O momento \u2013 <strong>dos mais aguardados de sempre de uma edi\u00e7\u00e3o do Secret Story &#8211;\u00a0<\/strong>\u00a0acaba de acontecer no Especial desta noite, dia 10 de dezembro de 2025. E foi \u00e9pico.<a href=\"https:\/\/tvi.iol.pt\/secretstory\/videos\/imagens-na-integra-segredo-de-pedro-e-revelado-e-a-casa-quase-desmaiou-de-choque\/6939fd720cf229bd2f8d5d18\" rel=\"nofollow noopener\" target=\"_blank\"> In\u00eas carregou no bot\u00e3o e acabou com o segredo, ao acertar.<\/a><\/p>\n<p>Durante mais de tr\u00eas meses, Pedro e Marisa esconderam com sucesso o segredo dos colegas. Beijaram-se \u00e0s escondidas, discutiram e trocaram muitas ideias. Ningu\u00e9m desconfiou. S\u00f3 esta semana, e ap\u00f3s pistas reveladoras, \u00e9 que alguns concorrentes conseguiram chegar perto da verdade.<\/p>\n<p>Pedro tinha o segredo: \u00abA m\u00e3e dos meus filhos est\u00e1 na casa\u00bb. J\u00e1 Marisa: \u00abO meu marido est\u00e1 na casa\u00bb.\u00a0<\/p>\n<p><strong>Percorra a galeria e veja as imagens mais memor\u00e1veis da noite!\u00a0<\/strong><\/p>\n<p>\u00a0<\/p>\n<p style=\"margin-bottom:11px\"><strong>\u00a0E veja o v\u00eddeo na \u00edntegra:\u00a0<\/strong><\/p>\n","protected":false},"excerpt":{"rendered":"Choque total e gritos! Segredo de Pedro \u00e9 revelado e as rea\u00e7\u00f5es s\u00e3o impag\u00e1veis. Eis as imagens da&hellip;\n","protected":false},"author":2,"featured_media":183674,"comment_status":"","ping_status":"","sticky":false,"template":"","format":"standard","meta":{"footnotes":""},"categories":[85],"tags":[114,115,18672,18673,18674,19184,14646,32,33,7958],"class_list":{"0":"post-183673","1":"post","2":"type-post","3":"status-publish","4":"format-standard","5":"has-post-thumbnail","7":"category-entretenimento","8":"tag-entertainment","9":"tag-entretenimento","10":"tag-fotos-oficiais-secret-story","11":"tag-galerias-casa-dos-segredos","12":"tag-imagens-concorrentes-tvi","13":"tag-marisa","14":"tag-pedro","15":"tag-portugal","16":"tag-pt","17":"tag-segredo"},"share_on_mastodon":{"url":"https:\/\/pubeurope.com\/@pt\/115698832221075703","error":""},"_links":{"self":[{"href":"https:\/\/www.europesays.com\/pt\/wp-json\/wp\/v2\/posts\/183673","targetHints":{"allow":["GET"]}}],"collection":[{"href":"https:\/\/www.europesays.com\/pt\/wp-json\/wp\/v2\/posts"}],"about":[{"href":"https:\/\/www.europesays.com\/pt\/wp-json\/wp\/v2\/types\/post"}],"author":[{"embeddable":true,"href":"https:\/\/www.europesays.com\/pt\/wp-json\/wp\/v2\/users\/2"}],"replies":[{"embeddable":true,"href":"https:\/\/www.europesays.com\/pt\/wp-json\/wp\/v2\/comments?post=183673"}],"version-history":[{"count":0,"href":"https:\/\/www.europesays.com\/pt\/wp-json\/wp\/v2\/posts\/183673\/revisions"}],"wp:featuredmedia":[{"embeddable":true,"href":"https:\/\/www.europesays.com\/pt\/wp-json\/wp\/v2\/media\/183674"}],"wp:attachment":[{"href":"https:\/\/www.europesays.com\/pt\/wp-json\/wp\/v2\/media?parent=183673"}],"wp:term":[{"taxonomy":"category","embeddable":true,"href":"https:\/\/www.europesays.com\/pt\/wp-json\/wp\/v2\/categories?post=183673"},{"taxonomy":"post_tag","embeddable":true,"href":"https:\/\/www.europesays.com\/pt\/wp-json\/wp\/v2\/tags?post=183673"}],"curies":[{"name":"wp","href":"https:\/\/api.w.org\/{rel}","templated":true}]}}