{"id":183689,"date":"2025-12-11T04:05:12","date_gmt":"2025-12-11T04:05:12","guid":{"rendered":"https:\/\/www.europesays.com\/pt\/183689\/"},"modified":"2025-12-11T04:05:12","modified_gmt":"2025-12-11T04:05:12","slug":"pebble-lanca-anel-inteligente-para-registrar-pensamentos","status":"publish","type":"post","link":"https:\/\/www.europesays.com\/pt\/183689\/","title":{"rendered":"Pebble lan\u00e7a anel inteligente para registrar pensamentos"},"content":{"rendered":"<p class=\"fitec-embcmp\"><a href=\"https:\/\/profile.google.com\/cp\/CgsvZy8xMjFqY2oxMw\" target=\"_blank\" class=\"ftecmp-button\" rel=\"nofollow noopener\">Siga o Olhar Digital no Google Discover<\/a><\/p>\n<p>\t\t\t\t\t<img decoding=\"async\" src=\"https:\/\/www.europesays.com\/pt\/wp-content\/uploads\/2025\/09\/inteligencia-artificial.jpg\" width=\"250\" height=\"250\" alt=\"Intelig\u00eancia artificial\" loading=\"lazy\"\/><\/p>\n<p>Tudo sobre Intelig\u00eancia Artificial<\/p>\n<p>A <a href=\"https:\/\/olhardigital.com.br\/tag\/pebble\/\" target=\"_blank\" rel=\"noreferrer noopener nofollow\">Pebble<\/a>, conhecida internacionalmente por seus <a href=\"https:\/\/olhardigital.com.br\/tag\/smartwatches\/\" target=\"_blank\" rel=\"noreferrer noopener nofollow\">smartwatches<\/a> acess\u00edveis, lan\u00e7ou um <a href=\"https:\/\/olhardigital.com.br\/tag\/gadgets\/\" target=\"_blank\" rel=\"noreferrer noopener nofollow\">gadget<\/a> inovador: o Index 01, um anel que captura suas ideias enquanto voc\u00ea fala. Ele funciona como uma mem\u00f3ria externa discreta, permitindo registrar pensamentos sem depender de telefone ou computador.<\/p>\n<p>Segundo o <a href=\"https:\/\/newatlas.com\/wearables\/pebble-index-ring\/\" target=\"_blank\" rel=\"noreferrer noopener nofollow\">New Atlas<\/a>, o dispositivo usa <a href=\"https:\/\/olhardigital.com.br\/tag\/inteligencia-artificial\/\" rel=\"nofollow noopener\" target=\"_blank\">intelig\u00eancia artificial (IA)<\/a> para transcrever e organizar o \u00e1udio em notas, lembretes ou timers, tornando a rotina mais pr\u00e1tica e preservando a privacidade. O design minimalista e a bateria de longa dura\u00e7\u00e3o j\u00e1 chamam aten\u00e7\u00e3o no beta.<\/p>\n<p><img loading=\"lazy\" decoding=\"async\" width=\"1024\" height=\"768\" src=\"https:\/\/www.europesays.com\/pt\/wp-content\/uploads\/2025\/12\/pebble-index-01-anel-inteligente2-1024x768.jpg\" alt=\"Index 01: o anel da Pebble que registra ideias e organiza notas sem precisar do celular, com IA e design discreto.\" class=\"wp-image-1231510\"  \/>Index 01: o anel da Pebble que registra ideias e organiza notas sem precisar do celular, com IA e design discreto (Imagem: Divulga\u00e7\u00e3o\/Core Devices)Como o Index 01 transforma suas ideias em a\u00e7\u00f5es<\/p>\n<p>O Index 01 \u00e9 usado no dedo indicador e possui apenas um bot\u00e3o. Para registrar um pensamento, basta pression\u00e1-lo e falar. O \u00e1udio \u00e9 enviado ao celular, onde o <a href=\"https:\/\/olhardigital.com.br\/tag\/modelo-de-linguagem\/\" target=\"_blank\" rel=\"noreferrer noopener nofollow\">modelo de linguagem<\/a> integrado converte em texto e pode salvar como nota, transformar em lembrete ou criar um cron\u00f4metro.<\/p>\n<blockquote class=\"wp-block-quote is-layout-flow wp-block-quote-is-layout-flow\">\n<p>[O anel] \u00e9 discreto e foi pensado para se integrar \u00e0 rotina, permitindo que voc\u00ea esteja mais presente no seu dia a dia.<\/p>\n<p>Eric Migicovsky, fundador da Core Devices<\/p><\/blockquote>\n<p>O <a href=\"https:\/\/olhardigital.com.br\/tag\/dispositivo\/\" target=\"_blank\" rel=\"noreferrer noopener nofollow\">dispositivo<\/a> n\u00e3o precisa de <a href=\"https:\/\/olhardigital.com.br\/tag\/internet\/\" target=\"_blank\" rel=\"noreferrer noopener nofollow\">internet<\/a> nem de conex\u00e3o constante com o celular. Sua mem\u00f3ria interna armazena os registros temporariamente e sincroniza quando o aparelho estiver pr\u00f3ximo, garantindo autonomia e <a href=\"https:\/\/olhardigital.com.br\/tag\/mobilidade\/\" target=\"_blank\" rel=\"noreferrer noopener nofollow\">mobilidade<\/a> superiores a outros gravadores port\u00e1teis.<\/p>\n<p><img loading=\"lazy\" decoding=\"async\" width=\"1024\" height=\"600\" src=\"https:\/\/www.europesays.com\/pt\/wp-content\/uploads\/2025\/12\/pebble-index-01-anel-inteligente-cores-1024x600.jpg\" alt=\"Pr\u00e9-venda do Index 01 sai por US$ 75 (R$ 380); lan\u00e7amento oficial em mar\u00e7o de 2026 com tr\u00eas cores e oito tamanhos.\" class=\"wp-image-1231512\"  \/>Pr\u00e9-venda do Index 01 sai por US$ 75 (R$ 380); lan\u00e7amento oficial em mar\u00e7o de 2026 com tr\u00eas cores e oito tamanhos (Imagem: Divulga\u00e7\u00e3o\/Core Devices)Diferenciais que o tornam \u00fanico<\/p>\n<p>Al\u00e9m do design compacto, o anel possui <a href=\"https:\/\/olhardigital.com.br\/tag\/bateria\/\" target=\"_blank\" rel=\"noreferrer noopener nofollow\">bateria<\/a> descart\u00e1vel de \u00f3xido de prata, suficiente para 12 a 15 horas de grava\u00e7\u00e3o \u2014 o que equivale a dois anos de uso m\u00e9dio di\u00e1rio. Migicovsky afirma que isso permite um produto menor, mais barato e sem a preocupa\u00e7\u00e3o com carregadores perdidos.<\/p>\n<p><strong>Leia mais:<\/strong><\/p>\n<p>O Index 01 tamb\u00e9m \u00e9 resistente \u00e0 \u00e1gua e pode ser operado com apenas uma m\u00e3o. Ele n\u00e3o oferece fun\u00e7\u00f5es extras, como monitoramento de sa\u00fade ou contagem de passos, concentrando-se exclusivamente em registrar ideias de forma r\u00e1pida e confi\u00e1vel.<\/p>\n<p>\u201cCriamos uma mem\u00f3ria externa de US$ 75 para o seu c\u00e9rebro!\u201d, explica Migicovsky, refor\u00e7ando a simplicidade e o foco no essencial.<\/p>\n<p><img loading=\"lazy\" decoding=\"async\" width=\"1024\" height=\"654\" src=\"https:\/\/www.europesays.com\/pt\/wp-content\/uploads\/2025\/12\/pebble-index-01-anel-inteligente3-1024x654.jpg\" alt=\"Use o anel Index 01 para lembretes r\u00e1pidos e notas curtas, em reuni\u00f5es ou passeios, com praticidade total.\" class=\"wp-image-1231514\"  \/>Use o anel Index 01 para lembretes r\u00e1pidos e notas curtas, em reuni\u00f5es ou passeios, com praticidade total (Imagem: Divulga\u00e7\u00e3o\/Core Devices)Dicas para aproveitar o gadget ao m\u00e1ximo<\/p>\n<p>Para quem j\u00e1 grava muitas notas de voz, o Index 01 oferece praticidade e organiza\u00e7\u00e3o:<\/p>\n<ul>\n<li>Use o anel para pensamentos curtos ou lembretes r\u00e1pidos;<\/li>\n<li>Combine com aplicativos de notas no celular para sincronizar e organizar ideias;<\/li>\n<li>Aproveite a bateria de longa dura\u00e7\u00e3o para registrar v\u00e1rias vezes ao dia;<\/li>\n<li>Substitua ou recicle o anel quando a bateria chegar ao fim;<\/li>\n<li>Use o dispositivo em situa\u00e7\u00f5es cotidianas, como reuni\u00f5es ou passeios, sem precisar do celular \u00e0 m\u00e3o.<\/li>\n<\/ul>\n<p>O Index 01 ser\u00e1 vendido por US$ 99 (cerca de R$ 545) e pode ser encomendado antecipadamente por US$ 75 (aprox. R$ 380). O lan\u00e7amento oficial est\u00e1 previsto para mar\u00e7o de 2026, com tr\u00eas cores e oito tamanhos. A empresa garante notifica\u00e7\u00f5es antes do fim da bateria e a possibilidade de reciclagem do dispositivo.<\/p>\n<p>\t\t\t\t\t&#13;<br \/>\n\t\t\t\t\t&#13;<\/p>\n","protected":false},"excerpt":{"rendered":"Siga o Olhar Digital no Google Discover Tudo sobre Intelig\u00eancia Artificial A Pebble, conhecida internacionalmente por seus smartwatches&hellip;\n","protected":false},"author":2,"featured_media":183690,"comment_status":"","ping_status":"","sticky":false,"template":"","format":"standard","meta":{"footnotes":""},"categories":[84],"tags":[109,107,108,32,33,105,103,104,106,110],"class_list":{"0":"post-183689","1":"post","2":"type-post","3":"status-publish","4":"format-standard","5":"has-post-thumbnail","7":"category-ciencia-e-tecnologia","8":"tag-ciencia","9":"tag-ciencia-e-tecnologia","10":"tag-cienciaetecnologia","11":"tag-portugal","12":"tag-pt","13":"tag-science","14":"tag-science-and-technology","15":"tag-scienceandtechnology","16":"tag-technology","17":"tag-tecnologia"},"share_on_mastodon":{"url":"https:\/\/pubeurope.com\/@pt\/115698960528217665","error":""},"_links":{"self":[{"href":"https:\/\/www.europesays.com\/pt\/wp-json\/wp\/v2\/posts\/183689","targetHints":{"allow":["GET"]}}],"collection":[{"href":"https:\/\/www.europesays.com\/pt\/wp-json\/wp\/v2\/posts"}],"about":[{"href":"https:\/\/www.europesays.com\/pt\/wp-json\/wp\/v2\/types\/post"}],"author":[{"embeddable":true,"href":"https:\/\/www.europesays.com\/pt\/wp-json\/wp\/v2\/users\/2"}],"replies":[{"embeddable":true,"href":"https:\/\/www.europesays.com\/pt\/wp-json\/wp\/v2\/comments?post=183689"}],"version-history":[{"count":0,"href":"https:\/\/www.europesays.com\/pt\/wp-json\/wp\/v2\/posts\/183689\/revisions"}],"wp:featuredmedia":[{"embeddable":true,"href":"https:\/\/www.europesays.com\/pt\/wp-json\/wp\/v2\/media\/183690"}],"wp:attachment":[{"href":"https:\/\/www.europesays.com\/pt\/wp-json\/wp\/v2\/media?parent=183689"}],"wp:term":[{"taxonomy":"category","embeddable":true,"href":"https:\/\/www.europesays.com\/pt\/wp-json\/wp\/v2\/categories?post=183689"},{"taxonomy":"post_tag","embeddable":true,"href":"https:\/\/www.europesays.com\/pt\/wp-json\/wp\/v2\/tags?post=183689"}],"curies":[{"name":"wp","href":"https:\/\/api.w.org\/{rel}","templated":true}]}}