{"id":183710,"date":"2025-12-11T05:17:50","date_gmt":"2025-12-11T05:17:50","guid":{"rendered":"https:\/\/www.europesays.com\/pt\/183710\/"},"modified":"2025-12-11T05:17:50","modified_gmt":"2025-12-11T05:17:50","slug":"vice-presidencia-de-pesquisa-e-colecoes-biologicas-visita-fiocruz-ceara","status":"publish","type":"post","link":"https:\/\/www.europesays.com\/pt\/183710\/","title":{"rendered":"Vice-Presid\u00eancia de Pesquisa e Cole\u00e7\u00f5es Biol\u00f3gicas visita Fiocruz Cear\u00e1"},"content":{"rendered":"<p>A Fiocruz Cear\u00e1 recebeu, nos dias 4 e 5 de dezembro de 2025, a vice-presidente de Pesquisa e Cole\u00e7\u00f5es Biol\u00f3gicas (VPPCB\/Fiocruz), Alda Maria da Cruz. Na pauta da agenda, conhecer de perto as atividades desenvolvidas com o objetivo de alinhar coletivamente as a\u00e7\u00f5es com as demais unidades da Fiocruz. Com a agenda cheia, Alda participou de reuni\u00f5es e visitou as instala\u00e7\u00f5es do campus.<\/p>\n<p>A programa\u00e7\u00e3o come\u00e7ou ainda na manh\u00e3 da quinta-feira (4\/12). No encontro com a coordena\u00e7\u00e3o da Fiocruz Cear\u00e1 e do Centro Pasteur Fiocruz de Imunologia e Imunoterapia, Alda Maria Cruz pode conhecer de perto os trabalhos desenvolvidos pela institui\u00e7\u00e3o no Cear\u00e1.<\/p>\n<p><img loading=\"lazy\" decoding=\"async\" src=\"https:\/\/www.europesays.com\/pt\/wp-content\/uploads\/2025\/12\/WhatsApp-Image-2025-12-10-at-10.04.08-3-768x1024.jpeg\" width=\"647\" height=\"863\"\/><img loading=\"lazy\" decoding=\"async\" src=\"https:\/\/www.europesays.com\/pt\/wp-content\/uploads\/2025\/12\/WhatsApp-Image-2025-12-10-at-10.04.08-768x1024.jpeg\" width=\"646\" height=\"861\"\/><\/p>\n<p>Carla Celedonio, coordenadora da Fiocruz Cear\u00e1, agradeceu a presen\u00e7a e o apoio tanto da Presid\u00eancia quanto da VPPCB. \u201cEsta visita \u00e9 importante em v\u00e1rios aspectos, em especial para destacar os avan\u00e7os da institui\u00e7\u00e3o no estado do Cear\u00e1 nos \u00faltimos anos\u201d. Em sua interven\u00e7\u00e3o, Carla apresentou a Fiocruz Cear\u00e1, que atualmente desenvolve pesquisas nas \u00e1reas de Imunofarmacologia, Imunoparasitologia, Engenharia de Prote\u00ednas, Epidemiologia Molecular, Sa\u00fade da Fam\u00edlia, Sa\u00fade Digital e Sa\u00fade e Ambiente. Ela destacou ainda o potencial de crescimento da regi\u00e3o, com as duas biof\u00e1bricas em constru\u00e7\u00e3o (Bio-Manguinhos e Wolbachia).<\/p>\n<p>Jo\u00e3o Herm\u00ednio e Caroline Passaes, cocoordenadores do Centro Pasteur Fiocruz de Imunologia e Imunoterapia, tamb\u00e9m participaram da reuni\u00e3o e expuseram os trabalhos desenvolvidos no Centro, atualmente conta com tr\u00eas \u00e1reas cient\u00edficas priorit\u00e1rias: c\u00e2ncer; doen\u00e7as infecciosas e negligenciadas; e doen\u00e7as autoimunes, neurodegenerativas e inflamat\u00f3rias. Entre os projetos de destaque, o desenvolvimento de inibidores para tratamento de doen\u00e7as neurodegenerativas; o desenvolvimento de conjugados anticorpo-f\u00e1rmacos; o desenvolvimento de fragmentos de nanocorpos\/anticorpos para doen\u00e7as tropicais negligenciadas; c\u00e9lulas CAR-T; e imunoterapias para melhorar as fun\u00e7\u00f5es das c\u00e9lulas T para combater doen\u00e7as infecciosas.<\/p>\n<p><img loading=\"lazy\" decoding=\"async\" src=\"https:\/\/www.europesays.com\/pt\/wp-content\/uploads\/2025\/12\/WhatsApp-Image-2025-12-10-at-10.06.50-1-768x1024.jpeg\" width=\"646\" height=\"861\"\/><\/p>\n<p><img loading=\"lazy\" decoding=\"async\" src=\"https:\/\/www.europesays.com\/pt\/wp-content\/uploads\/2025\/12\/WhatsApp-Image-2025-12-10-at-10.06.50-768x1024.jpeg\" width=\"646\" height=\"861\"\/><\/p>\n<p><img loading=\"lazy\" decoding=\"async\" src=\"https:\/\/www.europesays.com\/pt\/wp-content\/uploads\/2025\/12\/WhatsApp-Image-2025-12-10-at-10.06.51-1-1024x768.jpeg\" width=\"646\" height=\"485\"\/><\/p>\n<p style=\"-webkit-text-stroke-width:0px;background-color:rgb(255, 255, 255);box-sizing:border-box;color:rgb(33, 37, 41);font-family:-apple-system, BlinkMacSystemFont, &quot;Segoe UI&quot;, Roboto, &quot;Helvetica Neue&quot;, Arial, &quot;Noto Sans&quot;, sans-serif, &quot;Apple Color Emoji&quot;, &quot;Segoe UI Emoji&quot;, &quot;Segoe UI Symbol&quot;, &quot;Noto Color Emoji&quot;;font-size:16px;font-style:normal;font-variant-caps:normal;font-variant-ligatures:normal;font-weight:400;letter-spacing:normal;margin-bottom:1rem;margin-top:0px;orphans:2;text-align:left;text-decoration-color:initial;text-decoration-style:initial;text-decoration-thickness:initial;text-indent:0px;text-transform:none;white-space:normal;widows:2;word-spacing:0px;\">No per\u00edodo da tarde, foi o momento de encontro e di\u00e1logo com os pesquisadores. Na reuni\u00e3o, todos eles puderam apresentar pessoalmente as atividades e linhas de pesquisa desenvolvidas pelos grupos.<\/p>\n<p style=\"-webkit-text-stroke-width:0px;background-color:rgb(255, 255, 255);box-sizing:border-box;color:rgb(33, 37, 41);font-family:-apple-system, BlinkMacSystemFont, &quot;Segoe UI&quot;, Roboto, &quot;Helvetica Neue&quot;, Arial, &quot;Noto Sans&quot;, sans-serif, &quot;Apple Color Emoji&quot;, &quot;Segoe UI Emoji&quot;, &quot;Segoe UI Symbol&quot;, &quot;Noto Color Emoji&quot;;font-size:16px;font-style:normal;font-variant-caps:normal;font-variant-ligatures:normal;font-weight:400;letter-spacing:normal;margin-bottom:1rem;margin-top:0px;orphans:2;text-align:left;text-decoration-color:initial;text-decoration-style:initial;text-decoration-thickness:initial;text-indent:0px;text-transform:none;white-space:normal;widows:2;word-spacing:0px;\"><strong style=\"box-sizing:border-box;font-weight:bolder;\">Di\u00e1logos em constru\u00e7\u00e3o<\/strong><\/p>\n<p style=\"-webkit-text-stroke-width:0px;background-color:rgb(255, 255, 255);box-sizing:border-box;color:rgb(33, 37, 41);font-family:-apple-system, BlinkMacSystemFont, &quot;Segoe UI&quot;, Roboto, &quot;Helvetica Neue&quot;, Arial, &quot;Noto Sans&quot;, sans-serif, &quot;Apple Color Emoji&quot;, &quot;Segoe UI Emoji&quot;, &quot;Segoe UI Symbol&quot;, &quot;Noto Color Emoji&quot;;font-size:16px;font-style:normal;font-variant-caps:normal;font-variant-ligatures:normal;font-weight:400;letter-spacing:normal;margin-bottom:1rem;margin-top:0px;orphans:2;text-align:left;text-decoration-color:initial;text-decoration-style:initial;text-decoration-thickness:initial;text-indent:0px;text-transform:none;white-space:normal;widows:2;word-spacing:0px;\">As atividades seguiram na sexta-feira (5\/12), quando Alda Maria Cruz participou de encontro realizado pela Associa\u00e7\u00e3o para Desenvolvimento Tecnol\u00f3gico e Inova\u00e7\u00e3o em Sa\u00fade (ADTIS), em parceria com a Fiocruz Cear\u00e1, para discutir a implanta\u00e7\u00e3o e opera\u00e7\u00e3o do Distrito de Inova\u00e7\u00e3o e Sa\u00fade do Cear\u00e1 (DISEC). A iniciativa reuniu representantes da Academia, universidades e institui\u00e7\u00f5es de ensino, focando no alinhamento estrat\u00e9gico, an\u00e1lise e cocria\u00e7\u00e3o do modelo de governan\u00e7a do DISEC.<\/p>\n<p><img class=\"wp-image-8613\" style=\"border-style:none;box-sizing:border-box;contain-intrinsic-size:3000px 1500px;max-height:50%;max-width:100%;vertical-align:bottom;\" src=\"https:\/\/www.europesays.com\/pt\/wp-content\/uploads\/2025\/12\/WhatsApp-Image-2025-12-05-at-11.17.19-1024x768.jpeg\" alt=\"\"   width=\"565\" height=\"424\" loading=\"lazy\" decoding=\"async\"\/><\/p>\n<p style=\"-webkit-text-stroke-width:0px;background-color:rgb(255, 255, 255);box-sizing:border-box;color:rgb(33, 37, 41);font-family:-apple-system, BlinkMacSystemFont, &quot;Segoe UI&quot;, Roboto, &quot;Helvetica Neue&quot;, Arial, &quot;Noto Sans&quot;, sans-serif, &quot;Apple Color Emoji&quot;, &quot;Segoe UI Emoji&quot;, &quot;Segoe UI Symbol&quot;, &quot;Noto Color Emoji&quot;;font-size:16px;font-style:normal;font-variant-caps:normal;font-variant-ligatures:normal;font-weight:400;letter-spacing:normal;margin-bottom:1rem;margin-top:0px;orphans:2;text-align:left;text-decoration-color:initial;text-decoration-style:initial;text-decoration-thickness:initial;text-indent:0px;text-transform:none;white-space:normal;widows:2;word-spacing:0px;\">A vice-presidente de Pesquisa e Cole\u00e7\u00f5es Biol\u00f3gicas considerou estrat\u00e9gico o compartilhamento de informa\u00e7\u00f5es e o alinhamento de a\u00e7\u00f5es no Cear\u00e1 com as demais institui\u00e7\u00f5es e enalteceu a iniciativa participativa no processo. \u201cA Fiocruz Cear\u00e1 se destaca n\u00e3o s\u00f3 como \u00e2ncora neste processo, mas tamb\u00e9m como polo importante de desenvolvimento da regi\u00e3o, atuando com pot\u00eancia, diversidade das linhas de pesquisa e papel de articula\u00e7\u00e3o para a efetiva\u00e7\u00e3o deste Distrito\u201d.<\/p>\n<p style=\"-webkit-text-stroke-width:0px;background-color:rgb(255, 255, 255);box-sizing:border-box;color:rgb(33, 37, 41);font-family:-apple-system, BlinkMacSystemFont, &quot;Segoe UI&quot;, Roboto, &quot;Helvetica Neue&quot;, Arial, &quot;Noto Sans&quot;, sans-serif, &quot;Apple Color Emoji&quot;, &quot;Segoe UI Emoji&quot;, &quot;Segoe UI Symbol&quot;, &quot;Noto Color Emoji&quot;;font-size:16px;font-style:normal;font-variant-caps:normal;font-variant-ligatures:normal;font-weight:400;letter-spacing:normal;margin-bottom:1rem;margin-top:0px;orphans:2;text-align:left;text-decoration-color:initial;text-decoration-style:initial;text-decoration-thickness:initial;text-indent:0px;text-transform:none;white-space:normal;widows:2;word-spacing:0px;\">Ainda no per\u00edodo da tarde, Alda Cruz conheceu o campus da Fiocruz Cear\u00e1, seus laborat\u00f3rios multiusu\u00e1rios, as instala\u00e7\u00f5es do Centro Pasteur Fiocruz de Imunologia e Imunoterapia e ainda acompanhou o andamento das obras das biof\u00e1bricas de Bio-Manguinhos e Wolbachia. \u201cConstatamos pluralidade, diversidade e pot\u00eancia nos trabalhos desenvolvidos no Cear\u00e1. Esta \u00e9 uma oportunidade de alinhar as a\u00e7\u00f5es e enxergar a institui\u00e7\u00e3o como um todo, buscando meios de fazer ainda mais conex\u00f5es\u201d, afirmou.<\/p>\n<p style=\"-webkit-text-stroke-width:0px;background-color:rgb(255, 255, 255);box-sizing:border-box;color:rgb(33, 37, 41);font-family:-apple-system, BlinkMacSystemFont, &quot;Segoe UI&quot;, Roboto, &quot;Helvetica Neue&quot;, Arial, &quot;Noto Sans&quot;, sans-serif, &quot;Apple Color Emoji&quot;, &quot;Segoe UI Emoji&quot;, &quot;Segoe UI Symbol&quot;, &quot;Noto Color Emoji&quot;;font-size:16px;font-style:normal;font-variant-caps:normal;font-variant-ligatures:normal;font-weight:400;letter-spacing:normal;margin-bottom:1rem;margin-top:0px;orphans:2;text-align:left;text-decoration-color:initial;text-decoration-style:initial;text-decoration-thickness:initial;text-indent:0px;text-transform:none;white-space:normal;widows:2;word-spacing:0px;\">Al\u00e9m da coordena\u00e7\u00e3o da Fiocruz Cear\u00e1 e da vice-presidente de Pesquisa e Cole\u00e7\u00f5es Biol\u00f3gicas, tamb\u00e9m participaram da programa\u00e7\u00e3o o assessor especial da Fiocruz para Coopera\u00e7\u00e3o com Institui\u00e7\u00f5es Francesas de Ci\u00eancia e Tecnologia, Wilson Savino; a assessora da VPPCB, Ana Beatriz Ayres e o coordenador de Pesquisa e Cole\u00e7\u00f5es Biol\u00f3gicas da Fiocruz Cear\u00e1, Roberto Nicolete.<\/p>\n<p>Fotos: Fiocruz Cear\u00e1<\/p>\n","protected":false},"excerpt":{"rendered":"A Fiocruz Cear\u00e1 recebeu, nos dias 4 e 5 de dezembro de 2025, a vice-presidente de Pesquisa e&hellip;\n","protected":false},"author":2,"featured_media":183711,"comment_status":"","ping_status":"","sticky":false,"template":"","format":"standard","meta":{"footnotes":""},"categories":[86],"tags":[19522,116,13996,32,33,117,37405],"class_list":{"0":"post-183710","1":"post","2":"type-post","3":"status-publish","4":"format-standard","5":"has-post-thumbnail","7":"category-saude","8":"tag-fiocruz-ceara","9":"tag-health","10":"tag-home-vppcb","11":"tag-portugal","12":"tag-pt","13":"tag-saude","14":"tag-vppcb-home"},"share_on_mastodon":{"url":"https:\/\/pubeurope.com\/@pt\/115699247410384270","error":""},"_links":{"self":[{"href":"https:\/\/www.europesays.com\/pt\/wp-json\/wp\/v2\/posts\/183710","targetHints":{"allow":["GET"]}}],"collection":[{"href":"https:\/\/www.europesays.com\/pt\/wp-json\/wp\/v2\/posts"}],"about":[{"href":"https:\/\/www.europesays.com\/pt\/wp-json\/wp\/v2\/types\/post"}],"author":[{"embeddable":true,"href":"https:\/\/www.europesays.com\/pt\/wp-json\/wp\/v2\/users\/2"}],"replies":[{"embeddable":true,"href":"https:\/\/www.europesays.com\/pt\/wp-json\/wp\/v2\/comments?post=183710"}],"version-history":[{"count":0,"href":"https:\/\/www.europesays.com\/pt\/wp-json\/wp\/v2\/posts\/183710\/revisions"}],"wp:featuredmedia":[{"embeddable":true,"href":"https:\/\/www.europesays.com\/pt\/wp-json\/wp\/v2\/media\/183711"}],"wp:attachment":[{"href":"https:\/\/www.europesays.com\/pt\/wp-json\/wp\/v2\/media?parent=183710"}],"wp:term":[{"taxonomy":"category","embeddable":true,"href":"https:\/\/www.europesays.com\/pt\/wp-json\/wp\/v2\/categories?post=183710"},{"taxonomy":"post_tag","embeddable":true,"href":"https:\/\/www.europesays.com\/pt\/wp-json\/wp\/v2\/tags?post=183710"}],"curies":[{"name":"wp","href":"https:\/\/api.w.org\/{rel}","templated":true}]}}