{"id":183712,"date":"2025-12-11T05:19:09","date_gmt":"2025-12-11T05:19:09","guid":{"rendered":"https:\/\/www.europesays.com\/pt\/183712\/"},"modified":"2025-12-11T05:19:09","modified_gmt":"2025-12-11T05:19:09","slug":"chip-minusculo-promete-ler-o-cerebro-em-tempo-real-noticias-r7","status":"publish","type":"post","link":"https:\/\/www.europesays.com\/pt\/183712\/","title":{"rendered":"Chip min\u00fasculo promete \u2018ler\u2019 o cer\u00e9bro em tempo real \u2013 Noticias R7"},"content":{"rendered":"<p>LEIA AQUI O RESUMO DA NOT\u00cdCIA<\/p>\n<ul class=\"b-article-body-custom-embed-brief-news__list\" style=\"margin: 0; padding-left: 20px; list-style-type: disc;\">\n<li>Cientistas desenvolvem chip cerebral ultrafino que se comunica em tempo real com o c\u00e9rebro.<\/li>\n<li>Implante promete auxiliar no tratamento de doen\u00e7as como epilepsia, AVC e paralisia.<\/li>\n<li>Chip possui mais de 65 mil eletrodos e transmiss\u00e3o de dados em alta velocidade, sem fios.<\/li>\n<li>Startup Kampto Neurotech criar\u00e1 vers\u00f5es do chip para pesquisa e uso m\u00e9dico futuro.<\/li>\n<\/ul>\n<p style=\"font-size: 0.8em; font-style: italic; text-align: right; margin-top: 15px; padding-bottom: 5px; margin-bottom: 0;\">Produzido pela Ri7a &#8211; a Intelig\u00eancia Artificial do R7<\/p>\n<p><img decoding=\"async\" data-chromatic=\"ignore\" alt=\"\" class=\"c-image\" loading=\"lazy\" src=\"https:\/\/www.europesays.com\/pt\/wp-content\/uploads\/2025\/12\/TYSUBAJGMRCT3K43JEK6OGVKTM.jpg\"  width=\"1216\" height=\"694\"\/>O implante BISC tem aproximadamente a espessura de um fio de cabelo humano Columbia Engineering <\/p>\n<p class=\"jarvics:base-text-neutral-high-400 base-text-[calc(theme(fontSize.xs)_*_var(--font-size,_1))] base-font-normal base-font-primary base-text-neutral-low-500 base-text-left\"><a href=\"https:\/\/noticias.r7.com\/fala-ciencia\/novo-chip-inspirado-no-cerebro-pode-revolucionar-a-inteligencia-artificial-07112025\/\" target=\"_blank\" rel=\"noreferrer nofollow noopener\" title=\"https:\/\/noticias.r7.com\/fala-ciencia\/novo-chip-inspirado-no-cerebro-pode-revolucionar-a-inteligencia-artificial-07112025\/\">Cientistas <\/a>desenvolveram um novo tipo de <a href=\"https:\/\/noticias.r7.com\/fala-ciencia\/elon-musk-promete-chip-que-fara-voce-nunca-mais-esquecer-nada-18102025\/\" target=\"_blank\" rel=\"noreferrer nofollow noopener\" title=\"https:\/\/noticias.r7.com\/fala-ciencia\/elon-musk-promete-chip-que-fara-voce-nunca-mais-esquecer-nada-18102025\/\">chip cerebral<\/a> t\u00e3o fino quanto um fio de cabelo, capaz de se comunicar diretamente com o c\u00e9rebro humano em tempo real. <\/p>\n<p class=\"jarvics:base-text-neutral-high-400 base-text-[calc(theme(fontSize.xs)_*_var(--font-size,_1))] base-font-normal base-font-primary base-text-neutral-low-500 base-text-left\">A proposta \u00e9 criar uma ponte r\u00e1pida e sem fio entre os pensamentos e os computadores, o que pode ajudar tanto em tratamentos de sa\u00fade quanto em futuras <a href=\"https:\/\/noticias.r7.com\/tecnologia-e-ciencia\/cientistas-realizam-1-conexao-sem-fio-entre-cerebro-e-computador-08042021\/\" target=\"_blank\" rel=\"noreferrer nofollow noopener\" title=\"https:\/\/noticias.r7.com\/tecnologia-e-ciencia\/cientistas-realizam-1-conexao-sem-fio-entre-cerebro-e-computador-08042021\/\">interfaces entre humanos e m\u00e1quinas<\/a>.<\/p>\n<p class=\"jarvics:base-text-neutral-high-400 base-text-[calc(theme(fontSize.xs)_*_var(--font-size,_1))] base-font-normal base-font-primary base-text-neutral-low-500 base-text-left\">Esse pequeno dispositivo pode, no futuro, auxiliar pessoas com epilepsia, paralisia, les\u00f5es na medula, AVC, esclerose lateral amiotr\u00f3fica (ALS) e at\u00e9 alguns tipos de cegueira. Isso porque ele permite que informa\u00e7\u00f5es do c\u00e9rebro sejam lidas e tamb\u00e9m estimuladas, ajudando a controlar crises, recuperar movimentos, fala e at\u00e9 sinais visuais.<\/p>\n<p class=\"jarvics:base-text-neutral-high-400 base-text-[calc(theme(fontSize.xs)_*_var(--font-size,_1))] base-font-normal base-font-primary base-text-neutral-low-500 base-text-left\">O chip foi desenvolvido por pesquisadores das universidades de Columbia, Stanford, Pensilv\u00e2nia e de um grande hospital universit\u00e1rio de Nova York. O sistema recebeu o nome de Biological Interface System to Cortex, ou simplesmente BISC. Ele funciona como uma interface entre o c\u00e9rebro e computadores externos, sem a necessidade de fios conectados ao cr\u00e2nio.<\/p>\n<p class=\"jarvics:base-text-neutral-high-400 base-text-[calc(theme(fontSize.xs)_*_var(--font-size,_1))] base-font-normal base-font-primary base-text-neutral-low-500 base-text-left\">O estudo que descreve a nova tecnologia foi publicado no dia 8 de dezembro na revista cient\u00edfica Nature Electronics. Segundo os pesquisadores, o implante \u00e9 diferente dos modelos antigos porque n\u00e3o usa uma grande \u201ccaixa\u201d de eletr\u00f4nicos dentro do corpo. Em vez disso, todo o sistema est\u00e1 concentrado em um \u00fanico chip extremamente fino, que pode ser deslizado entre o c\u00e9rebro e o cr\u00e2nio durante a cirurgia.<\/p>\n<p class=\"jarvics:base-text-neutral-high-400 base-text-[calc(theme(fontSize.xs)_*_var(--font-size,_1))] base-font-normal base-font-primary base-text-neutral-low-500 base-text-left\">Na pr\u00e1tica, o chip fica apoiado diretamente sobre a superf\u00edcie do c\u00e9rebro, sem perfur\u00e1-lo. Mesmo sendo min\u00fasculo, ele tem uma capacidade impressionante: s\u00e3o mais de 65 mil eletrodos capazes de captar sinais dos neur\u00f4nios, al\u00e9m de milhares de canais que podem tanto registrar quanto estimular a atividade cerebral ao mesmo tempo.<\/p>\n<p class=\"jarvics:base-text-neutral-high-400 base-text-[calc(theme(fontSize.xs)_*_var(--font-size,_1))] base-font-normal base-font-primary base-text-neutral-low-500 base-text-left\">Para que esses dados cheguem aos computadores, o sistema usa uma esta\u00e7\u00e3o externa, parecida com um pequeno aparelho sem fio, que transmite energia e informa\u00e7\u00f5es por ondas de r\u00e1dio. A velocidade dessa comunica\u00e7\u00e3o chega a 100 megabits por segundo, pelo menos cem vezes mais r\u00e1pida do que a maioria dos implantes desse tipo usados atualmente. Essa rapidez permite analisar sinais complexos do c\u00e9rebro quase instantaneamente.<\/p>\n<p class=\"jarvics:base-text-neutral-high-400 base-text-[calc(theme(fontSize.xs)_*_var(--font-size,_1))] base-font-normal base-font-primary base-text-neutral-low-500 base-text-left\">Os primeiros testes j\u00e1 avan\u00e7aram da fase de laborat\u00f3rio para avalia\u00e7\u00f5es iniciais em pessoas durante cirurgias. Os m\u00e9dicos conseguiram implantar o chip por meio de um pequeno corte no cr\u00e2nio, colocando-o na regi\u00e3o entre o osso e o c\u00e9rebro. Por ser muito fino e n\u00e3o ter fios r\u00edgidos, o dispositivo tende a causar menos rea\u00e7\u00e3o do organismo ao longo do tempo.<\/p>\n<p class=\"jarvics:base-text-neutral-high-400 base-text-[calc(theme(fontSize.xs)_*_var(--font-size,_1))] base-font-normal base-font-primary base-text-neutral-low-500 base-text-left\">A tecnologia foi desenvolvida com apoio da DARPA, ag\u00eancia do Departamento de Defesa dos Estados Unidos voltada para pesquisas avan\u00e7adas, e tamb\u00e9m recebeu financiamento do National Institute of Health para estudos voltados ao tratamento de epilepsia resistente a medicamentos. O pr\u00f3ximo passo \u00e9 ampliar os testes cl\u00ednicos com pacientes.<\/p>\n<p class=\"jarvics:base-text-neutral-high-400 base-text-[calc(theme(fontSize.xs)_*_var(--font-size,_1))] base-font-normal base-font-primary base-text-neutral-low-500 base-text-left\">Para transformar a inven\u00e7\u00e3o em um produto real no futuro, os pesquisadores criaram a startup Kampto Neurotech, que ir\u00e1 produzir vers\u00f5es do chip para pesquisa e futuros usos m\u00e9dicos. Segundo os cientistas, ao unir alta capacidade de leitura do c\u00e9rebro, funcionamento sem fios e intelig\u00eancia artificial, essa tecnologia pode mudar profundamente a forma como seres humanos interagem com m\u00e1quinas e tamb\u00e9m como doen\u00e7as neurol\u00f3gicas s\u00e3o tratadas.<\/p>\n<p><video controls=\"\" class=\"video-js\" preload=\"metadata\" poster=\"https:\/\/d22yf0mxeu0gma.cloudfront.net\/10-26-2025\/t_080ac5482f844a31b00d022ff74d0506_name_file_960x540_1600_v4_.jpg\" title=\"Nova tecnologia promete restaurar vis&#xE3;o em pacientes cegos\" data-sprite-url=\"\" data-metadata=\"{&quot;title&quot;:&quot;Nova tecnologia promete restaurar vis&#xE3;o em pacientes cegos&quot;,&quot;sectionName&quot;:&quot;R7&quot;,&quot;mainSection&quot;:&quot;Internacional&quot;,&quot;subSection&quot;:&quot;&quot;,&quot;views&quot;:&quot;&quot;,&quot;disableAdv&quot;:&quot;false&quot;,&quot;createdDate&quot;:&quot;2025-10-26T22:48:54Z&quot;,&quot;mainSectionUrl&quot;:&quot;https:\/\/record.r7.com\/domingo-espetacular\/video\/nova-tecnologia-promete-restaurar-visao-em-pacientes-cegos-26102025\/&quot;,&quot;sectionPath&quot;:&quot;https:\/\/record.r7.com\/domingo-espetacular&quot;,&quot;ageRating&quot;:&quot;&quot;,&quot;ageRatingDescription&quot;:&quot;&quot;,&quot;duration&quot;:429930,&quot;playerUrl&quot;:&quot;https:\/\/record.r7.com\/player\/72c3a97f-3b3c-4552-a36d-0c6127c00c68\/&quot;}\" data-player-params=\"{&quot;p&quot;:&quot;true&quot;,&quot;autoPlay&quot;:&quot;false&quot;,&quot;logo&quot;:&quot;true&quot;,&quot;playlistId&quot;:&quot;false&quot;,&quot;calhau&quot;:&quot;false&quot;,&quot;share&quot;:&quot;true&quot;,&quot;sz&quot;:&quot;false&quot;,&quot;full&quot;:&quot;true&quot;,&quot;customAdHash&quot;:&quot;\/7542\/r7noticias\/internacional&quot;,&quot;referrerUrl&quot;:&quot;&quot;,&quot;externalLinks&quot;:&quot;true&quot;,&quot;debug&quot;:&quot;false&quot;,&quot;debugHash&quot;:&quot;false&quot;,&quot;debugRelated&quot;:&quot;false&quot;,&quot;timerRelated&quot;:&quot;true&quot;,&quot;logoRecord&quot;:&quot;false&quot;,&quot;contextModal&quot;:&quot;false&quot;,&quot;parentUrl&quot;:&quot;https:\/\/record.r7.com\/&quot;,&quot;t&quot;:&quot;0&quot;,&quot;noTitle&quot;:false,&quot;endBehavior&quot;:&quot;default&quot;}\" data-related-videos=\"[{&quot;title&quot;:&quot;Roubo na biblioteca M&#xE1;rio de Andrade: imagens revelam a&#xE7;&#xE3;o dos suspeitos na manh&#xE3; deste domingo (7)&quot;,&quot;thumb&quot;:&quot;https:\/\/d22yf0mxeu0gma.cloudfront.net\/12-08-2025\/t_24ae18988c83431c8ccb1e3af7c9310d_name_file_960x540_1600_v4_.jpg&quot;,&quot;url&quot;:&quot;https:\/\/record.r7.com\/domingo-espetacular\/video\/roubo-na-biblioteca-mario-de-andrade-imagens-revelam-acao-dos-suspeitos-na-manha-deste-domingo-7-08122025\/&quot;,&quot;embedUrl&quot;:&quot;https:\/\/record.r7.com\/player\/271da3a2-83d3-4952-b705-73cb25efd886\/&quot;},{&quot;title&quot;:&quot;Crime brutal em quartel de Bras&#xED;lia acontece durante manifesta&#xE7;&#xF5;es contra feminic&#xED;dio&quot;,&quot;thumb&quot;:&quot;https:\/\/d22yf0mxeu0gma.cloudfront.net\/12-08-2025\/t_8c6f45ebe07b48b2b6d5a16b4cab409e_name_file_960x540_1600_v4_.jpg&quot;,&quot;url&quot;:&quot;https:\/\/record.r7.com\/domingo-espetacular\/video\/crime-brutal-em-quartel-de-brasilia-acontece-durante-manifestacoes-contra-feminicidio-08122025\/&quot;,&quot;embedUrl&quot;:&quot;https:\/\/record.r7.com\/player\/b398d389-0b14-4dcb-8a67-207f801ed561\/&quot;},{&quot;title&quot;:&quot;Manifesta&#xE7;&#xE3;o contra o feminic&#xED;dio re&#xFA;ne milhares de pessoas na Avenida Paulista&quot;,&quot;thumb&quot;:&quot;https:\/\/d22yf0mxeu0gma.cloudfront.net\/12-08-2025\/t_9b2a542f00a6402582c64df3bbaf1c97_name_file_960x540_1600_v4_.jpg&quot;,&quot;url&quot;:&quot;https:\/\/record.r7.com\/domingo-espetacular\/video\/manifestacao-contra-o-feminicidio-reune-milhares-de-pessoas-na-avenida-paulista-08122025\/&quot;,&quot;embedUrl&quot;:&quot;https:\/\/record.r7.com\/player\/9cbe3bd3-6cef-4095-ae25-43a5f6729120\/&quot;}]\" data-player-url=\"https:\/\/record.r7.com\/player\/72c3a97f-3b3c-4552-a36d-0c6127c00c68\/\" data-arc-video=\"\" data-arc-id=\"72c3a97f-3b3c-4552-a36d-0c6127c00c68\" data-short=\"false\" style=\"visibility:hidden\"><\/video><\/p>\n<p class=\"jarvics:base-text-neutral-high-400 base-text-[calc(theme(fontSize.xs)_*_var(--font-size,_1))] base-font-normal base-font-primary base-text-neutral-low-500 base-text-left\"><b>Fique por dentro das principais not\u00edcias do dia no Brasil e no mundo. <\/b><a href=\"https:\/\/whatsapp.com\/channel\/0029Va6eEELGZNCyryabmO1m\" rel=\"nofollow noopener\" target=\"_blank\"><b>Siga o canal do R7<\/b><\/a><b>, o portal de not\u00edcias da Record, no WhatsApp<\/b><\/p>\n","protected":false},"excerpt":{"rendered":"LEIA AQUI O RESUMO DA NOT\u00cdCIA Cientistas desenvolvem chip cerebral ultrafino que se comunica em tempo real com&hellip;\n","protected":false},"author":2,"featured_media":183713,"comment_status":"","ping_status":"","sticky":false,"template":"","format":"standard","meta":{"footnotes":""},"categories":[84],"tags":[109,107,108,933,32,33,117,105,103,104,106,110],"class_list":{"0":"post-183712","1":"post","2":"type-post","3":"status-publish","4":"format-standard","5":"has-post-thumbnail","7":"category-ciencia-e-tecnologia","8":"tag-ciencia","9":"tag-ciencia-e-tecnologia","10":"tag-cienciaetecnologia","11":"tag-inteligencia-artificial","12":"tag-portugal","13":"tag-pt","14":"tag-saude","15":"tag-science","16":"tag-science-and-technology","17":"tag-scienceandtechnology","18":"tag-technology","19":"tag-tecnologia"},"share_on_mastodon":{"url":"https:\/\/pubeurope.com\/@pt\/115699250910808897","error":""},"_links":{"self":[{"href":"https:\/\/www.europesays.com\/pt\/wp-json\/wp\/v2\/posts\/183712","targetHints":{"allow":["GET"]}}],"collection":[{"href":"https:\/\/www.europesays.com\/pt\/wp-json\/wp\/v2\/posts"}],"about":[{"href":"https:\/\/www.europesays.com\/pt\/wp-json\/wp\/v2\/types\/post"}],"author":[{"embeddable":true,"href":"https:\/\/www.europesays.com\/pt\/wp-json\/wp\/v2\/users\/2"}],"replies":[{"embeddable":true,"href":"https:\/\/www.europesays.com\/pt\/wp-json\/wp\/v2\/comments?post=183712"}],"version-history":[{"count":0,"href":"https:\/\/www.europesays.com\/pt\/wp-json\/wp\/v2\/posts\/183712\/revisions"}],"wp:featuredmedia":[{"embeddable":true,"href":"https:\/\/www.europesays.com\/pt\/wp-json\/wp\/v2\/media\/183713"}],"wp:attachment":[{"href":"https:\/\/www.europesays.com\/pt\/wp-json\/wp\/v2\/media?parent=183712"}],"wp:term":[{"taxonomy":"category","embeddable":true,"href":"https:\/\/www.europesays.com\/pt\/wp-json\/wp\/v2\/categories?post=183712"},{"taxonomy":"post_tag","embeddable":true,"href":"https:\/\/www.europesays.com\/pt\/wp-json\/wp\/v2\/tags?post=183712"}],"curies":[{"name":"wp","href":"https:\/\/api.w.org\/{rel}","templated":true}]}}