{"id":183722,"date":"2025-12-11T05:49:25","date_gmt":"2025-12-11T05:49:25","guid":{"rendered":"https:\/\/www.europesays.com\/pt\/183722\/"},"modified":"2025-12-11T05:49:25","modified_gmt":"2025-12-11T05:49:25","slug":"google-prepara-novos-oculos-inteligentes-primeiro-modelo-com-gemini-chega-ja-no-proximo-ano-computadores","status":"publish","type":"post","link":"https:\/\/www.europesays.com\/pt\/183722\/","title":{"rendered":"Google prepara novos \u00f3culos inteligentes. Primeiro modelo com Gemini chega j\u00e1 no pr\u00f3ximo ano &#8211; Computadores"},"content":{"rendered":"<p>Em maio, durante a \u00faltima edi\u00e7\u00e3o <a href=\"https:\/\/tek.sapo.pt\/noticias\/computadores\/artigos\/google-i-o-inteligencia-artificial-mais-personalizada-e-util-a-chegar-ao-gemini-e-aplicacoes\" rel=\"nofollow noopener\" target=\"_blank\">do Google I\/O<\/a>, a Google revelou que estava a trabalhar com a Samsung e com outros parceiros, como a Gentle Monster e a Warby Parker, para criar \u00f3culos inteligentes. <strong>Agora, a gigante de Mountain View, avan\u00e7a que est\u00e1 a desenvolver dois modelos diferentes.\u00a0<\/strong><\/p>\n<p><b data-stringify-type=\"bold\">N\u00e3o perca nenhuma not\u00edcia importante da atualidade de tecnologia e\u00a0<\/b><b data-stringify-type=\"bold\"><a class=\"c-link\" href=\"https:\/\/tek.sapo.pt\/\" target=\"_blank\" rel=\"noopener noreferrer nofollow\" data-stringify-link=\"https:\/\/tek.sapo.pt\/\" data-sk=\"tooltip_parent\">acompanhe tudo em tek.sapo.pt<\/a><\/b><\/p>\n<p>De acordo com a empresa, <strong>o primeiro modelo, com uma data de chegada prevista para o pr\u00f3ximo ano<\/strong>, foi concebido para ajudar os utilizadores recorrendo a altifalantes, microfones e c\u00e2maras integradas, <strong>permitindo \u201cconversar naturalmente com o Gemini\u201d.\u00a0<\/strong><\/p>\n<p>Clique nas imagens para ver com mais detalhe                      <\/p>\n<p><strong>O segundo modelo est\u00e1 equipado com um ecr\u00e3 integrado que mostra, \u201cde forma privada\u201d, informa\u00e7\u00e3o \u00fatil<\/strong>, como instru\u00e7\u00f5es de navega\u00e7\u00e3o passo-a-passo ou tradu\u00e7\u00e3o com legendas, <a href=\"https:\/\/blog.google\/products\/android\/android-show-xr-edition-updates\/\" rel=\"nofollow noopener\" target=\"_blank\">afirma a Google<\/a>.\u00a0<\/p>\n<p>Segundo a tecnol\u00f3gica, <strong>o sistema operativo Android XR tamb\u00e9m vai suportar \u00f3culos de realidade mista com liga\u00e7\u00e3o por cabo, como o modelo que est\u00e1 a ser desenvolvido pela XREAL atrav\u00e9s do Project Aura.\u00a0<\/strong><\/p>\n<p>Os \u00f3culos, que contam com um campo de vis\u00e3o de 70 graus, est\u00e3o <strong>equipados com tecnologia optical see-through, dando aos utilizadores a possibilidade de visualizarem conte\u00fados digitais no ambiente que os rodeia, como uma esp\u00e9cie de ecr\u00e3 privado de grandes dimens\u00f5es<\/strong>, indica a Google, que tenciona revelar mais pormenores sobre o lan\u00e7amento no pr\u00f3ximo ano.<\/p>\n<p>Veja o v\u00eddeo  <\/p>\n<p>Como avan\u00e7a <a href=\"https:\/\/www.bloomberg.com\/news\/articles\/2025-12-08\/google-says-first-ai-glasses-with-gemini-will-arrive-in-2026\" rel=\"nofollow noopener\" target=\"_blank\">a Bloomberg<\/a>, que teve acesso a uma demonstra\u00e7\u00e3o de prot\u00f3tipos desenvolvidos pela Google, o<strong>s modelos que a tecnol\u00f3gica quer lan\u00e7ar s\u00e3o emparelhados com um smartphone, \u00e0 semelhan\u00e7a dos \u00f3culos <\/strong><strong><a href=\"https:\/\/tek.sapo.pt\/pesquisar?q=Meta+Ray-Ban\" rel=\"nofollow noopener\" target=\"_blank\">Meta Ray-Ban<\/a><\/strong>, e dependem desta liga\u00e7\u00e3o processar os pedidos feitos ao Gemini.\u00a0<\/p>\n<p>Em destaque est\u00e3o dois prot\u00f3tipos que incorporam ecr\u00e3s de diferentes formas: <strong>uma vers\u00e3o com um \u00fanico display integrado na lente direita e outra com um ecr\u00e3 para cada olho<\/strong>. Os dois modelos usam realidade aumentada para sobrepor apps como o Google Maps ou o Google Meet no mundo real.\u00a0<\/p>\n<p><strong>J\u00e1 os \u00f3culos da XREAL prometem uma experi\u00eancia mais aut\u00f3noma.<\/strong> Tal como o <a href=\"https:\/\/tek.sapo.pt\/noticias\/computadores\/artigos\/samsung-estreia-se-no-mundo-da-realidade-mista-com-o-galaxy-xr-oculos-inteligentes-criados-com-a-ajuda-da-google\" rel=\"nofollow noopener\" target=\"_blank\">headset Galaxy XR<\/a> da Samsung, que tamb\u00e9m usa o sistema operativo Android XR, <strong>o modelo desenvolvido no Project Aura precisa de estar sempre ligado a um pack de bateria externo para funcionar.\u00a0<\/strong><\/p>\n<p>Assine a\u00a0<a class=\"c-link\" href=\"https:\/\/teknoticias.us15.list-manage.com\/subscribe?u=9a06a5af5e9150806abc02bae&amp;id=ef9b27090d\" target=\"_blank\" rel=\"noopener noreferrer nofollow\" data-stringify-link=\"https:\/\/teknoticias.us15.list-manage.com\/subscribe?u=9a06a5af5e9150806abc02bae&amp;id=ef9b27090d\" data-sk=\"tooltip_parent\">newsletter do TEK Not\u00edcias<\/a>\u00a0e receba todos os dias as principais not\u00edcias de tecnologia na sua caixa de correio.<\/p>\n","protected":false},"excerpt":{"rendered":"Em maio, durante a \u00faltima edi\u00e7\u00e3o do Google I\/O, a Google revelou que estava a trabalhar com a&hellip;\n","protected":false},"author":2,"featured_media":183723,"comment_status":"","ping_status":"","sticky":false,"template":"","format":"standard","meta":{"footnotes":""},"categories":[84],"tags":[109,107,108,32,33,105,103,104,106,110],"class_list":{"0":"post-183722","1":"post","2":"type-post","3":"status-publish","4":"format-standard","5":"has-post-thumbnail","7":"category-ciencia-e-tecnologia","8":"tag-ciencia","9":"tag-ciencia-e-tecnologia","10":"tag-cienciaetecnologia","11":"tag-portugal","12":"tag-pt","13":"tag-science","14":"tag-science-and-technology","15":"tag-scienceandtechnology","16":"tag-technology","17":"tag-tecnologia"},"share_on_mastodon":{"url":"https:\/\/pubeurope.com\/@pt\/115699368793738374","error":""},"_links":{"self":[{"href":"https:\/\/www.europesays.com\/pt\/wp-json\/wp\/v2\/posts\/183722","targetHints":{"allow":["GET"]}}],"collection":[{"href":"https:\/\/www.europesays.com\/pt\/wp-json\/wp\/v2\/posts"}],"about":[{"href":"https:\/\/www.europesays.com\/pt\/wp-json\/wp\/v2\/types\/post"}],"author":[{"embeddable":true,"href":"https:\/\/www.europesays.com\/pt\/wp-json\/wp\/v2\/users\/2"}],"replies":[{"embeddable":true,"href":"https:\/\/www.europesays.com\/pt\/wp-json\/wp\/v2\/comments?post=183722"}],"version-history":[{"count":0,"href":"https:\/\/www.europesays.com\/pt\/wp-json\/wp\/v2\/posts\/183722\/revisions"}],"wp:featuredmedia":[{"embeddable":true,"href":"https:\/\/www.europesays.com\/pt\/wp-json\/wp\/v2\/media\/183723"}],"wp:attachment":[{"href":"https:\/\/www.europesays.com\/pt\/wp-json\/wp\/v2\/media?parent=183722"}],"wp:term":[{"taxonomy":"category","embeddable":true,"href":"https:\/\/www.europesays.com\/pt\/wp-json\/wp\/v2\/categories?post=183722"},{"taxonomy":"post_tag","embeddable":true,"href":"https:\/\/www.europesays.com\/pt\/wp-json\/wp\/v2\/tags?post=183722"}],"curies":[{"name":"wp","href":"https:\/\/api.w.org\/{rel}","templated":true}]}}