{"id":183724,"date":"2025-12-11T05:51:11","date_gmt":"2025-12-11T05:51:11","guid":{"rendered":"https:\/\/www.europesays.com\/pt\/183724\/"},"modified":"2025-12-11T05:51:11","modified_gmt":"2025-12-11T05:51:11","slug":"imagens-mostram-ataque-da-ucrania-a-petroleiro-da-frota-fantasma-russa-no-mar-negro-cnn-portugal","status":"publish","type":"post","link":"https:\/\/www.europesays.com\/pt\/183724\/","title":{"rendered":"Imagens mostram ataque da Ucr\u00e2nia a petroleiro da frota fantasma russa no Mar Negro &#8211; CNN Portugal"},"content":{"rendered":"<ol>\n<li><a href=\"https:\/\/news.google.com\/rss\/articles\/CBMi-gFBVV95cUxONjFIcEZYWS1neFpsYTJKYl9DeVMxU1ZfX1lTbnpGR3Vab1BoNWtLR05fRVJtc21xWnhUazl4dC0tTFVGclNuQVBYUlFKbWtVUk5PdEd4Ynhac1pFYk5MbHlocGpvcUJXc20yNl90MWpwN0RrQjhaWUo4eUpDMTFMbWpOWmZ5UmM3V0xaQmJ5VWZyV2NHeHNHX1I5Vk9vaHhxdFVnZVZLcUJ6N0YyZXdVUlhHSjZYQm9Xa0lEa0JHYUExSGxsempCdXNZWTNuUUpUVjEtNC1LQ29wcGNvcFlCcGJXR0d3ZFBUUnM3LVFrVTRod0djRzNLVUJ3?oc=5\" target=\"_blank\" rel=\"nofollow noopener\">Imagens mostram ataque da Ucr\u00e2nia a petroleiro da frota fantasma russa no Mar Negro<\/a>&nbsp;&nbsp;CNN Portugal<\/li>\n<li><a href=\"https:\/\/news.google.com\/rss\/articles\/CBMi8gFBVV95cUxOejFoNlRqdnN2S1dxUjNyOGNZOU5Ua1Nhc205NURIZ0NtR0I1UGFfYmhfU0xUZ1B4SjBYVGxuZ2wtMXg5RVZJWEFjY0ZQMzBkOWlmYWpGaXpfd1ptdTFCTjU5U2JkNDVPbjZWYnFmcXRMYm1jZFFOU2xxVG50ZHBlanVpNmUtTDRMbmZNTDZZTzUwOGpteGZQS1h4RGQ2MlFoYjdNOVpFa0RCUjJFZExIb2llc0lmdjFpeUpfd2ZHajBleGpXU2Y4eHB3bHd1QjNmNVh0RDVWRkVYWXQzQjB1VkJhSFVralN2OFYtY1k1dkR0Zw?oc=5\" target=\"_blank\" rel=\"nofollow noopener\">Ucr\u00e2nia desativa navio da &#8220;frota fantasma&#8221; com drones mar\u00edtimos no Mar Negro<\/a>&nbsp;&nbsp;Terra<\/li>\n<li><a href=\"https:\/\/news.google.com\/rss\/articles\/CBMid0FVX3lxTFBMeE5qRkxUMWRxcVlIWGU4cG1Hblc0aWh3WUV4QXJMblFfQUVtM3ZCeEtOeGpXQWZra2RLX0ZpenBVV3VidFM4V0xkcXJKaFVLV0M0OXVqU09kcVU1TGw1NGdqMmctRERkV3JNME1aWERTelFvbUpB?oc=5\" target=\"_blank\" rel=\"nofollow noopener\">Cazaquist\u00e3o vai desviar parte do petr\u00f3leo de Kashagan para a China ap\u00f3s ataque ucraniano<\/a>&nbsp;&nbsp;TradingView<\/li>\n<li><a href=\"https:\/\/news.google.com\/rss\/articles\/CBMi7gFBVV95cUxPN0ZVLWZfeFplc3Q4ZGpGZEJpSmdzcVE1cTg2SGZ2cUJacHpweTdVUTZLUUMwa0JqX0otaXF5SWo2R1RsMnEybG50WDZSTW54Y2RfVW9YWFRPREpFcWxrUlBrWUtDMnU5ekhLRGEzekRwbUlBNm1NVUdMMTN6RV9haVBQbVd2eXFpd1JSYVNkbEh3X3liSDBJcGNJd0FKYUNoT2xHcXBiWFd3ODNuUEJfWkFFdjk4Z0J0ay1jcUFvMlE5c0MwV1FrZHV5aDNzZUstQW1kNFBELXdxV213aVFHMnIyckxha0pkdkNUWExn?oc=5\" target=\"_blank\" rel=\"nofollow noopener\">Ataques no mar Negro refletem tentativa europeia de ampliar guerra para a Turquia, aponta analista<\/a>&nbsp;&nbsp;Tribuna do Agreste<\/li>\n<li><a href=\"https:\/\/news.google.com\/rss\/articles\/CBMi3gFBVV95cUxOYjNqQjFQUUZuUWJvUFdieVVVdG0tT0N2UUc4TE1VWjVoeDdVejhxMW55YkY4cjJZblNaSGFkcnFneC1FeVA1RS1yc004dVVMM3B6Q2hQTzlGN1VxZHFUQndLWm5ycUwtdjJPUWpwdndIbFJrTGZpWUZIZVBEb1VoODJneXBkbXY1dWxQeVV5a19jOWw1a29JZThKS1pnaWJBVEhOazFQNU9QWFloSVJpOVJNY0FEcU4ya1FMTGdoZGtiTmkyTTBXeHlhYW9oZS1QUHlVSFhCQzFUamJjcGc?oc=5\" target=\"_blank\" rel=\"nofollow noopener\">Ataque ucraniano ao terminal de petr\u00f3leo em Novorossiysk eleva custo de energia global<\/a>&nbsp;&nbsp;Tribuna do Sert\u00e3o<\/li>\n<\/ol>\n","protected":false},"excerpt":{"rendered":"Imagens mostram ataque da Ucr\u00e2nia a petroleiro da frota fantasma russa no Mar Negro&nbsp;&nbsp;CNN Portugal Ucr\u00e2nia desativa navio&hellip;\n","protected":false},"author":2,"featured_media":183701,"comment_status":"","ping_status":"","sticky":false,"template":"","format":"standard","meta":{"footnotes":""},"categories":[50],"tags":[27,28,15,16,14,25,26,21,22,62,12,13,19,20,23,24,17,18,29,30,31,63,64,65],"class_list":{"0":"post-183724","1":"post","2":"type-post","3":"status-publish","4":"format-standard","5":"has-post-thumbnail","7":"category-mundo","8":"tag-breaking-news","9":"tag-breakingnews","10":"tag-featured-news","11":"tag-featurednews","12":"tag-headlines","13":"tag-latest-news","14":"tag-latestnews","15":"tag-main-news","16":"tag-mainnews","17":"tag-mundo","18":"tag-news","19":"tag-noticias","20":"tag-noticias-principais","21":"tag-noticiasprincipais","22":"tag-principais-noticias","23":"tag-principaisnoticias","24":"tag-top-stories","25":"tag-topstories","26":"tag-ultimas","27":"tag-ultimas-noticias","28":"tag-ultimasnoticias","29":"tag-world","30":"tag-world-news","31":"tag-worldnews"},"share_on_mastodon":{"url":"https:\/\/pubeurope.com\/@pt\/115699376618482473","error":""},"_links":{"self":[{"href":"https:\/\/www.europesays.com\/pt\/wp-json\/wp\/v2\/posts\/183724","targetHints":{"allow":["GET"]}}],"collection":[{"href":"https:\/\/www.europesays.com\/pt\/wp-json\/wp\/v2\/posts"}],"about":[{"href":"https:\/\/www.europesays.com\/pt\/wp-json\/wp\/v2\/types\/post"}],"author":[{"embeddable":true,"href":"https:\/\/www.europesays.com\/pt\/wp-json\/wp\/v2\/users\/2"}],"replies":[{"embeddable":true,"href":"https:\/\/www.europesays.com\/pt\/wp-json\/wp\/v2\/comments?post=183724"}],"version-history":[{"count":0,"href":"https:\/\/www.europesays.com\/pt\/wp-json\/wp\/v2\/posts\/183724\/revisions"}],"wp:featuredmedia":[{"embeddable":true,"href":"https:\/\/www.europesays.com\/pt\/wp-json\/wp\/v2\/media\/183701"}],"wp:attachment":[{"href":"https:\/\/www.europesays.com\/pt\/wp-json\/wp\/v2\/media?parent=183724"}],"wp:term":[{"taxonomy":"category","embeddable":true,"href":"https:\/\/www.europesays.com\/pt\/wp-json\/wp\/v2\/categories?post=183724"},{"taxonomy":"post_tag","embeddable":true,"href":"https:\/\/www.europesays.com\/pt\/wp-json\/wp\/v2\/tags?post=183724"}],"curies":[{"name":"wp","href":"https:\/\/api.w.org\/{rel}","templated":true}]}}