{"id":183725,"date":"2025-12-11T05:54:15","date_gmt":"2025-12-11T05:54:15","guid":{"rendered":"https:\/\/www.europesays.com\/pt\/183725\/"},"modified":"2025-12-11T05:54:15","modified_gmt":"2025-12-11T05:54:15","slug":"confira-o-estado-de-saude-de-xuxa-apos-cirurgia-na-coluna","status":"publish","type":"post","link":"https:\/\/www.europesays.com\/pt\/183725\/","title":{"rendered":"Confira o estado de sa\u00fade de Xuxa ap\u00f3s cirurgia na coluna"},"content":{"rendered":"<p>                        <img width=\"944\" height=\"531\" src=\"https:\/\/www.europesays.com\/pt\/wp-content\/uploads\/2025\/12\/apresentadora-xuxa-944x531.jpg\" class=\"attachment-custom-large size-custom-large article-featured-image\" alt=\"apresentadora xuxa\" fetchpriority=\"high\" decoding=\"async\"  \/><\/p>\n<p>A apresentadora Xuxa no Crian\u00e7a Esperan\u00e7a de 2025 (Foto: Divulga\u00e7\u00e3o, Globo)<\/p>\n<p>Uma h\u00e9rnia de disco fez a apresentadora Xuxa ser internada para um pequeno procedimento cir\u00fargico na \u00faltima segunda-feira (8). A equipe de Xuxa divulgou que ela est\u00e1 bem, j\u00e1 recebeu alta e que o procedimento j\u00e1 estava previsto.<\/p>\n<p>Continua depois da publicidade<\/p>\n<p>A assessoria de Xuxa divulgou um boletim m\u00e9dico sobe seu estado de sa\u00fade. Confira:<\/p>\n<p>\u201cA paciente Xuxa Meneghel foi submetida, no Hospital Vila Nova Star em s\u00e3o Paulo, no dia 8 de dezembro, a uma cirurgia endosc\u00f3pica minimante invasiva na coluna lombar, realizada pelo neurocirurgi\u00e3o\/cirurgi\u00e3o especialista em cirurgia da coluna vertebral Dr. Francisco Sampaio J\u00fanior\u201d.<\/p>\n<p>Xuxa foi submetida a uma microcirurgia que \u00e9 um procedimento simples, mas ao mesmo tempo bastante delicado.<\/p>\n<p>Continua depois da publicidade<\/p>\n<p>\u201cA cirurgia transcorreu sem intercorr\u00eancias, com excelente evolu\u00e7\u00e3o p\u00f3s-operat\u00f3ria. Ap\u00f3s 48 horas de acompanhamento cl\u00ednico e fisioter\u00e1pico, a paciente apresentou recupera\u00e7\u00e3o satisfat\u00f3ria, preserva\u00e7\u00e3o da mobilidade e pleno controle da dor. Diante da evolu\u00e7\u00e3o favor\u00e1vel, a paciente recebeu alta hospitalar nesta data\u201d, finaliza a nota.<\/p>\n<p>Veja tamb\u00e9m <a href=\"https:\/\/www.nsctotal.com.br\/noticias\/o-ultimo-voo-da-nave-como-sera-o-show-de-despedida-da-xuxa-no-allianz-parque\" target=\"_blank\" rel=\"noreferrer noopener nofollow\"><strong>\u201cO \u00daltimo Voo da Nave\u201d: como ser\u00e1 o show de despedida da Xuxa no Allianz Parque<\/strong><\/a>.<\/p>\n<p>Todos os trabalhos de Xuxa na Globo1<\/p>\n<p>VoltarAvan\u00e7ar<\/p>\n<p><img loading=\"lazy\" decoding=\"async\" width=\"1200\" height=\"675\" data-id=\"7463021\" src=\"https:\/\/www.europesays.com\/pt\/wp-content\/uploads\/2025\/10\/Xuxa-na-Globo-2.jpg\" alt=\"\" class=\"wp-image-7463021\"  \/><\/p>\n<p>Xuxa na apresenta\u00e7\u00e3o do \u2018Xou da Xuxa\u2019 (Foto: Acervo Globo)<\/p>\n<p><img loading=\"lazy\" decoding=\"async\" width=\"1200\" height=\"675\" data-id=\"7463022\" src=\"https:\/\/www.europesays.com\/pt\/wp-content\/uploads\/2025\/10\/Xuxa-na-Globo-3.jpg\" alt=\"Xuxa na Globo \" class=\"wp-image-7463022\"  \/><\/p>\n<p>Xuxa apresentando o \u2018Parad\u00e3o Xuxa Especial\u2019, 1991 (Foto: Acervo Globo)<\/p>\n<p><img loading=\"lazy\" decoding=\"async\" width=\"1200\" height=\"675\" data-id=\"7463023\" src=\"https:\/\/www.europesays.com\/pt\/wp-content\/uploads\/2025\/10\/Xuxa-na-Globo-4.jpg\" alt=\"\" class=\"wp-image-7463023\"  \/><\/p>\n<p>Xuxa e Ivete Sangalo no \u2018Planeta Xuxa\u2019 (Foto: Acervo Globo)<\/p>\n<p><img loading=\"lazy\" decoding=\"async\" width=\"1200\" height=\"675\" data-id=\"7463024\" src=\"https:\/\/www.europesays.com\/pt\/wp-content\/uploads\/2025\/10\/Xuxa-na-Globo-5.jpg\" alt=\"Xuxa na Globo \" class=\"wp-image-7463024\"  \/><\/p>\n<p>Xuxa Meneghel no \u2018Altas Horas\u2019, 2014 (Foto: Z\u00e9 Paulo Cardeal, Globo)<\/p>\n<p><img loading=\"lazy\" decoding=\"async\" width=\"1200\" height=\"675\" data-id=\"7463025\" src=\"https:\/\/www.europesays.com\/pt\/wp-content\/uploads\/2025\/10\/Xuxa-na-Globo-6.jpg\" alt=\"\" class=\"wp-image-7463025\"  \/><\/p>\n<p>Os trabalhos de Xuxa na Globo (Foto: Renato Rocha Miranda, Globo)<\/p>\n<p><img fetchpriority=\"high\" loading=\"lazy\" decoding=\"async\" width=\"1200\" height=\"675\" data-id=\"7463026\" src=\"https:\/\/www.europesays.com\/pt\/wp-content\/uploads\/2025\/10\/Xuxa-na-Globo.jpg\" alt=\"Xuxa na Globo \" class=\"wp-image-7463026\"  \/><\/p>\n<p>Xuxa na Globo (Foto: Acervo Globo)<\/p>\n","protected":false},"excerpt":{"rendered":"A apresentadora Xuxa no Crian\u00e7a Esperan\u00e7a de 2025 (Foto: Divulga\u00e7\u00e3o, Globo) Uma h\u00e9rnia de disco fez a apresentadora&hellip;\n","protected":false},"author":2,"featured_media":183726,"comment_status":"","ping_status":"","sticky":false,"template":"","format":"standard","meta":{"footnotes":""},"categories":[145],"tags":[211,210,114,115,32,33,794],"class_list":{"0":"post-183725","1":"post","2":"type-post","3":"status-publish","4":"format-standard","5":"has-post-thumbnail","7":"category-celebridades","8":"tag-celebridades","9":"tag-celebrities","10":"tag-entertainment","11":"tag-entretenimento","12":"tag-portugal","13":"tag-pt","14":"tag-voce-viu"},"share_on_mastodon":{"url":"https:\/\/pubeurope.com\/@pt\/115699388758873401","error":""},"_links":{"self":[{"href":"https:\/\/www.europesays.com\/pt\/wp-json\/wp\/v2\/posts\/183725","targetHints":{"allow":["GET"]}}],"collection":[{"href":"https:\/\/www.europesays.com\/pt\/wp-json\/wp\/v2\/posts"}],"about":[{"href":"https:\/\/www.europesays.com\/pt\/wp-json\/wp\/v2\/types\/post"}],"author":[{"embeddable":true,"href":"https:\/\/www.europesays.com\/pt\/wp-json\/wp\/v2\/users\/2"}],"replies":[{"embeddable":true,"href":"https:\/\/www.europesays.com\/pt\/wp-json\/wp\/v2\/comments?post=183725"}],"version-history":[{"count":0,"href":"https:\/\/www.europesays.com\/pt\/wp-json\/wp\/v2\/posts\/183725\/revisions"}],"wp:featuredmedia":[{"embeddable":true,"href":"https:\/\/www.europesays.com\/pt\/wp-json\/wp\/v2\/media\/183726"}],"wp:attachment":[{"href":"https:\/\/www.europesays.com\/pt\/wp-json\/wp\/v2\/media?parent=183725"}],"wp:term":[{"taxonomy":"category","embeddable":true,"href":"https:\/\/www.europesays.com\/pt\/wp-json\/wp\/v2\/categories?post=183725"},{"taxonomy":"post_tag","embeddable":true,"href":"https:\/\/www.europesays.com\/pt\/wp-json\/wp\/v2\/tags?post=183725"}],"curies":[{"name":"wp","href":"https:\/\/api.w.org\/{rel}","templated":true}]}}