{"id":183727,"date":"2025-12-11T06:02:22","date_gmt":"2025-12-11T06:02:22","guid":{"rendered":"https:\/\/www.europesays.com\/pt\/183727\/"},"modified":"2025-12-11T06:02:22","modified_gmt":"2025-12-11T06:02:22","slug":"na-camara-hemobanco-pede-apoio-no-incentivo-a-doacao-de-sangue-portal-da-camara-municipal-de-curitiba","status":"publish","type":"post","link":"https:\/\/www.europesays.com\/pt\/183727\/","title":{"rendered":"Na C\u00e2mara, Hemobanco pede apoio no incentivo \u00e0 doa\u00e7\u00e3o de sangue \u2014 Portal da C\u00e2mara Municipal de Curitiba"},"content":{"rendered":"<p class=\" \" dir=\"ltr\">A Tribuna Livre desta quarta-feira (10), na C\u00e2mara Municipal de Curitiba (CMC), discutiu a<strong> import\u00e2ncia da doa\u00e7\u00e3o de sangue<\/strong>, <strong>doa\u00e7\u00e3o de medula \u00f3ssea<\/strong> e as pesquisas desenvolvidas pelo <strong>Hemobanco<\/strong>. O vereador Jasson Goulart (Republicanos), propositor da sess\u00e3o, enfatizou a urg\u00eancia do tema no fim do ano, per\u00edodo associado ao aumento de acidentes. Ele afirmou que \u201choje n\u00f3s vamos falar de transfus\u00e3o, doa\u00e7\u00e3o de medula \u00f3ssea, doa\u00e7\u00e3o de sangue\u201d, destacando que a presen\u00e7a do diretor do Hemobanco na CMC simboliza uma homenagem a quem \u201cajudou a salvar vidas e fez um<strong> trabalho cient\u00edfico importante na \u00e9poca da pandemia<\/strong>\u201d (<a href=\"https:\/\/www.cmc.pr.gov.br\/wspl\/sistema\/ProposicaoDetalhesForm.do?select_action=&amp;cod=076.00040.2025\" rel=\"nofollow noopener\" target=\"_blank\">076.00040.2025<\/a>).<\/p>\n<p class=\" \" dir=\"ltr\">Jasson Goulart ressaltou o impacto social do trabalho do m\u00e9dico Paulo Tadeu Rodrigues de Almeida, \u00e0 frente do <strong>Hemobanco do Grupo Vita<\/strong>, afirmando que \u201ccada bolsa de sangue coletada com seguran\u00e7a, cada protocolo implantado \u00e9 resultado de lideran\u00e7a, estudo constante e muita responsabilidade\u201d. Ele tamb\u00e9m registrou que o profissional \u201chonra Curitiba e o Paran\u00e1\u201d, refor\u00e7ando o compromisso do Legislativo em apoiar <strong>debates de sa\u00fade p\u00fablica<\/strong>. O vereador relembrou ainda que a atua\u00e7\u00e3o do convidado n\u00e3o se limita ao ambiente cl\u00ednico, mas influencia diretamente <strong>pol\u00edticas de humaniza\u00e7\u00e3o e seguran\u00e7a transfusional<\/strong>.<\/p>\n<p>Trabalho do Hemobanco e cultura de doa\u00e7\u00e3o em Curitiba<\/p>\n<p dir=\"ltr\">Em sua participa\u00e7\u00e3o na Tribuna Livre, o m\u00e9dico Paulo de Almeida apresentou dados sobre a <strong>evolu\u00e7\u00e3o dos bancos de sangue<\/strong> e da hemoterapia no Paran\u00e1. Ele destacou a transforma\u00e7\u00e3o estrutural e profissional das equipes desde os anos 1980, quando menos de 2% dos funcion\u00e1rios possu\u00edam curso superior, at\u00e9 a realidade atual, com metade do quadro qualificado. Segundo ele, \u201c<strong>voc\u00ea investe nas pessoas para que elas prestem um servi\u00e7o melhor \u00e0 sociedade<\/strong>\u201d, indicando que a melhoria da forma\u00e7\u00e3o t\u00e9cnica impactou diretamente a seguran\u00e7a de transfus\u00f5es e transplantes.<\/p>\n<p dir=\"ltr\">O m\u00e9dico tamb\u00e9m mostrou que <strong>Curitiba desenvolveu uma cultura s\u00f3lida de doa\u00e7\u00e3o espont\u00e2nea<\/strong>. \u201cNo Brasil, 30% das pessoas que doam voltam a doar; <strong>Curitiba tem um recorde h\u00e1 muitos anos: 75%<\/strong>\u201d, afirmou. Ele explicou que programas de fideliza\u00e7\u00e3o, comunica\u00e7\u00e3o direta com doadores e melhoria no atendimento contribu\u00edram para esse resultado. \u201cVoc\u00ea s\u00f3 volta num local se for bem tratado\u201d, disse, elogiando a equipe que mant\u00e9m o acolhimento e a qualidade do servi\u00e7o no Hemobanco. Desde a d\u00e9cada de 1970, mais de 1,4 milh\u00e3o de doa\u00e7\u00f5es permitiram quase <strong>4 milh\u00f5es de transfus\u00f5es no estado<\/strong>.<\/p>\n<p>Plasma convalescente e Covid-19: experi\u00eancia do Hemobanco<\/p>\n<p dir=\"ltr\">Ao relatar as experi\u00eancias durante a pandemia, o m\u00e9dico explicou como o <strong>Hemobanco adaptou protocolos internacionais ao contexto brasileiro<\/strong>. A equipe utilizou, inicialmente, o plasma de pessoas curadas, seguindo refer\u00eancia de procedimentos empregados em \u00c1frica durante o surto de Ebola. Ele afirmou que \u201cquando voc\u00ea pegava o indiv\u00edduo com Covid e ele entrava na UTI e n\u00e3o fazia isso,<strong> 95% das pessoas morriam; quando fazia isso, este 95% baixou pra 40%<\/strong>\u201d, demonstrando o impacto da t\u00e9cnica na sobrevida de pacientes graves.<\/p>\n<p dir=\"ltr\">O convidado relatou tamb\u00e9m o desenvolvimento da plasmaf\u00e9rese aplicada a pacientes que recebiam anticorpos saud\u00e1veis enquanto retirava o plasma comprometido pela infec\u00e7\u00e3o. Segundo ele,<strong> a combina\u00e7\u00e3o das duas estrat\u00e9gias ajudou a mudar o progn\u00f3stico de muitos pacientes<\/strong>, inclusive de autoridades locais, como o atual secret\u00e1rio municipal de Seguran\u00e7a Alimentar, Leverci Silveira Filho. Al\u00e9m disso, destacou a colabora\u00e7\u00e3o entre equipes p\u00fablicas e privadas durante a pandemia, afirmando que \u201c<strong>quem \u00e9 beneficiado \u00e9 o paciente<\/strong>\u201d e que, especialmente em crises sanit\u00e1rias, \u201ca iniciativa privada e a p\u00fablica precisam trabalhar em conjunto\u201d.<\/p>\n<p>Vereadores refor\u00e7am apoio \u00e0 doa\u00e7\u00e3o de sangue em Curitiba<\/p>\n<p dir=\"ltr\">A primeira manifesta\u00e7\u00e3o foi da vereadora La\u00eds Le\u00e3o (PDT), que sublinhou a relev\u00e2ncia cient\u00edfica da Tribuna Livre. Ela criticou a<strong> desinforma\u00e7\u00e3o sobre vacinas<\/strong> e refor\u00e7ou a import\u00e2ncia de <strong>debates baseados em evid\u00eancias<\/strong>. Em suas palavras: \u201c\u00c9 muito importante ter o senhor aqui trazendo esses pontos, trazendo a import\u00e2ncia da doa\u00e7\u00e3o e dos tratamentos, especialmente quando <strong>ainda enfrentamos debates sobre a efic\u00e1cia das vacinas e a ci\u00eancia<\/strong>\u201d. La\u00eds pediu ainda esclarecimentos did\u00e1ticos sobre diferen\u00e7as entre <strong>doa\u00e7\u00e3o de sangue, plaquetas e plasma<\/strong>.<\/p>\n<p dir=\"ltr\">A segunda manifesta\u00e7\u00e3o foi da vereadora Rafaela Lupion (PSD), que ressaltou o papel do Hemobanco como refer\u00eancia estadual. Ela afirmou: \u201cCumprimento o doutor Paulo Tadeu pela explana\u00e7\u00e3o, pelo trabalho realizado junto ao <strong>Hemobanco, uma refer\u00eancia na nossa capital,<\/strong> orgulho do Paran\u00e1\u201d. A parlamentar tamb\u00e9m destacou a atua\u00e7\u00e3o do Legislativo em campanhas de sa\u00fade: \u201ccolocamo-nos \u00e0 disposi\u00e7\u00e3o para somar nessa causa t\u00e3o importante e<strong> ampliar a conscientiza\u00e7\u00e3o da popula\u00e7\u00e3o<\/strong>\u201d.<\/p>\n<p dir=\"ltr\">A vereadora Carlise Kwiatkowski (PL) relatou sua experi\u00eancia acompanhando familiares que necessitam de transfus\u00f5es. Em sua fala, destacou a<strong> ang\u00fastia de quem depende da solidariedade de desconhecidos<\/strong>. \u201cQuem j\u00e1 teve algu\u00e9m hospitalizado sabe a import\u00e2ncia do Hemobanco\u201d, afirmou. Ela perguntou quando os doadores s\u00e3o dispensados e como a popula\u00e7\u00e3o pode acompanhar quais<strong> tipos sangu\u00edneos est\u00e3o em falta<\/strong>.<\/p>\n<p dir=\"ltr\">A vereadora Sargento T\u00e2nia Guerreiro (Pode) apresentou questionamentos sobre a <strong>validade dos hemocomponentes<\/strong> e a<strong> possibilidade de direcionar uma doa\u00e7\u00e3o para uma pessoa espec\u00edfica<\/strong>. Ela indagou: \u201co sangue pode ficar armazenado por quanto tempo? <strong>\u00c9 poss\u00edvel doar exclusivamente para algu\u00e9m, mesmo havendo outra pessoa que precise mais?<\/strong>\u201d. Tamb\u00e9m sugeriu pol\u00edticas municipais de incentivo \u00e0 doa\u00e7\u00e3o, afirmando que benef\u00edcios p\u00fablicos poderiam estimular novos doadores.<\/p>\n<p dir=\"ltr\">A vereadora Meri Martins (Republicanos) abordou restri\u00e7\u00f5es para doa\u00e7\u00e3o impostas a pessoas que moraram no exterior. \u201c<strong>Por que pessoas que viveram em outros pa\u00edses ficam impossibilitadas de doar sangue?<\/strong>\u201d, questionou, relatando caso pessoal: \u201cEu recebi plasma quando tive queimaduras [&#8230;] e agrade\u00e7o porque algu\u00e9m doou e p\u00f4de salvar minha vida\u201d.<\/p>\n<p dir=\"ltr\">O vereador Marcos Vieira (PDT) lembrou antigas a\u00e7\u00f5es de coleta externa e perguntou se ainda ocorrem mutir\u00f5es nos bairros. \u201cLembro que havia mutir\u00f5es e coletas descentralizadas; isso ainda existe ou est\u00e1 tudo centralizado?\u201d, indagou. Ele refor\u00e7ou a <strong>necessidade de ampliar o acesso \u00e0 doa\u00e7\u00e3o em diversas regi\u00f5es da cidade<\/strong>.<\/p>\n<p dir=\"ltr\">Respondendo aos parlamentares, o diretor do Hemobanco explicou que <strong>hem\u00e1cias t\u00eam validade de 45 dias e plaquetas duram apenas cinco<\/strong>, o que exige <strong>frequ\u00eancia constante de doa\u00e7\u00f5es<\/strong>. Ele descreveu a af\u00e9rese como t\u00e9cnica capaz de permitir doa\u00e7\u00f5es semanais de plaquetas e destacou o programa de sangue fenotipado, que identifica doadores compat\u00edveis com casos raros. <strong>Sobre doa\u00e7\u00e3o dirigida, afirmou: \u201cem algumas situa\u00e7\u00f5es, especialmente familiares, ela \u00e9 poss\u00edvel e recomendada\u201d.<\/strong><\/p>\n<p dir=\"ltr\">Quanto a impedimentos internacionais, esclareceu que regras sobre pa\u00edses com risco de mal\u00e1ria ou doen\u00e7a da vaca louca j\u00e1 foram atualizadas: \u201cMuitas coisas mudaram; hoje, <strong>quem viajou para a Inglaterra pode doar sem problema algum<\/strong>\u201d. Em rela\u00e7\u00e3o \u00e0 coleta externa, afirmou que a pr\u00e1tica ainda existe, mas que a log\u00edstica tornou-se mais eficiente com o transporte de grupos de doadores at\u00e9 as unidades de coleta.<\/p>\n<p dir=\"ltr\">Paulo de Almeida\u00a0 destacou que a chance de dois irm\u00e3os serem compat\u00edveis, na necessidade de uma doa\u00e7\u00e3o de medula \u00f3ssea, \u00e9 de apenas 25% e que <strong>muitos cadastros tornam-se inutiliz\u00e1veis por falta de atualiza\u00e7\u00e3o de endere\u00e7o ou contato<\/strong>. Segundo ele, \u201choje, a forma mais f\u00e1cil \u00e9 por af\u00e9rese: duas a tr\u00eas horas, est\u00e1 feito, doou a medula que est\u00e1 no sangue e vai embora\u201d. O m\u00e9dico destacou ainda que cerca de <strong>60% dos transplantes t\u00eam sucesso<\/strong>, refor\u00e7ando que ampliar o n\u00famero de doadores aumenta significativamente as chances de salvar vidas.<\/p>\n<p><img decoding=\"async\" src=\"https:\/\/www.europesays.com\/pt\/wp-content\/uploads\/2025\/12\/54975784049_11892b0085_c.jpg\" alt=\"\" class=\"image-inline\" title=\"\"\/><\/p>\n<p>*Not\u00edcia revisada pelo estudante de Letras Gabriel Kummer<br \/>Supervis\u00e3o do est\u00e1gio: Ricardo Marques<\/p>\n","protected":false},"excerpt":{"rendered":"A Tribuna Livre desta quarta-feira (10), na C\u00e2mara Municipal de Curitiba (CMC), discutiu a import\u00e2ncia da doa\u00e7\u00e3o de&hellip;\n","protected":false},"author":2,"featured_media":183728,"comment_status":"","ping_status":"","sticky":false,"template":"","format":"standard","meta":{"footnotes":""},"categories":[86],"tags":[2641,3358,116,37407,37406,32,33,117,37408],"class_list":{"0":"post-183727","1":"post","2":"type-post","3":"status-publish","4":"format-standard","5":"has-post-thumbnail","7":"category-saude","8":"tag-covid-19","9":"tag-doacao-de-sangue","10":"tag-health","11":"tag-hemobanco","12":"tag-jasson-goulart","13":"tag-portugal","14":"tag-pt","15":"tag-saude","16":"tag-tribuna-livre"},"share_on_mastodon":{"url":"https:\/\/pubeurope.com\/@pt\/115699420189777153","error":""},"_links":{"self":[{"href":"https:\/\/www.europesays.com\/pt\/wp-json\/wp\/v2\/posts\/183727","targetHints":{"allow":["GET"]}}],"collection":[{"href":"https:\/\/www.europesays.com\/pt\/wp-json\/wp\/v2\/posts"}],"about":[{"href":"https:\/\/www.europesays.com\/pt\/wp-json\/wp\/v2\/types\/post"}],"author":[{"embeddable":true,"href":"https:\/\/www.europesays.com\/pt\/wp-json\/wp\/v2\/users\/2"}],"replies":[{"embeddable":true,"href":"https:\/\/www.europesays.com\/pt\/wp-json\/wp\/v2\/comments?post=183727"}],"version-history":[{"count":0,"href":"https:\/\/www.europesays.com\/pt\/wp-json\/wp\/v2\/posts\/183727\/revisions"}],"wp:featuredmedia":[{"embeddable":true,"href":"https:\/\/www.europesays.com\/pt\/wp-json\/wp\/v2\/media\/183728"}],"wp:attachment":[{"href":"https:\/\/www.europesays.com\/pt\/wp-json\/wp\/v2\/media?parent=183727"}],"wp:term":[{"taxonomy":"category","embeddable":true,"href":"https:\/\/www.europesays.com\/pt\/wp-json\/wp\/v2\/categories?post=183727"},{"taxonomy":"post_tag","embeddable":true,"href":"https:\/\/www.europesays.com\/pt\/wp-json\/wp\/v2\/tags?post=183727"}],"curies":[{"name":"wp","href":"https:\/\/api.w.org\/{rel}","templated":true}]}}