{"id":183731,"date":"2025-12-11T06:06:14","date_gmt":"2025-12-11T06:06:14","guid":{"rendered":"https:\/\/www.europesays.com\/pt\/183731\/"},"modified":"2025-12-11T06:06:14","modified_gmt":"2025-12-11T06:06:14","slug":"pelo-menos-tres-mortos-em-ataque-ucraniano-a-hospital-em-kherson","status":"publish","type":"post","link":"https:\/\/www.europesays.com\/pt\/183731\/","title":{"rendered":"Pelo menos tr\u00eas mortos em ataque ucraniano a hospital em Kherson"},"content":{"rendered":"<p>De acordo com o governador pr\u00f3-russo de Kherson, Vladimir Saldo, todas as v\u00edtimas eram funcion\u00e1rios do centro m\u00e9dico, localizado na cidade de Oleshki, ocupada pelos russos desde 2022.<\/p>\n<p>&#8220;Os servi\u00e7os de emerg\u00eancia responderam imediatamente ao local. Os feridos est\u00e3o a receber assist\u00eancia m\u00e9dica. Um homem em estado grave est\u00e1 nos cuidados intensivos&#8221;, afirmou Saldo na rede social Telegram.<\/p>\n<p>O governo russo anunciou em setembro de 2022 a anexa\u00e7\u00e3o das regi\u00f5es ucranianas parcialmente ocupadas de Kherson, Lugansk, Zaporijia e Donetsk.<\/p>\n<p>A R\u00fassia invadiu a Ucr\u00e2nia em 24 de fevereiro de 2022, ap\u00f3s ter anexado a pen\u00ednsula ucraniana da Crimeia em 2014.<\/p>\n<p>Leia Tamb\u00e9m: <a href=\"https:\/\/www.noticiasaominuto.com\/mundo\/2901438\/pelo-menos-dois-mortos-em-ataques-russos-a-kherson-ha-cinco-feridos\" target=\"_blank\" rel=\"noopener noreferrer nofollow\">Pelo menos dois mortos em ataques russos a Kherson. H\u00e1 cinco feridos<\/a><\/p>\n","protected":false},"excerpt":{"rendered":"De acordo com o governador pr\u00f3-russo de Kherson, Vladimir Saldo, todas as v\u00edtimas eram funcion\u00e1rios do centro m\u00e9dico,&hellip;\n","protected":false},"author":2,"featured_media":183732,"comment_status":"","ping_status":"","sticky":false,"template":"","format":"standard","meta":{"footnotes":""},"categories":[50],"tags":[27,28,15,16,14,25,26,21,22,62,12,13,19,20,23,24,17,18,29,30,31,63,64,65],"class_list":{"0":"post-183731","1":"post","2":"type-post","3":"status-publish","4":"format-standard","5":"has-post-thumbnail","7":"category-mundo","8":"tag-breaking-news","9":"tag-breakingnews","10":"tag-featured-news","11":"tag-featurednews","12":"tag-headlines","13":"tag-latest-news","14":"tag-latestnews","15":"tag-main-news","16":"tag-mainnews","17":"tag-mundo","18":"tag-news","19":"tag-noticias","20":"tag-noticias-principais","21":"tag-noticiasprincipais","22":"tag-principais-noticias","23":"tag-principaisnoticias","24":"tag-top-stories","25":"tag-topstories","26":"tag-ultimas","27":"tag-ultimas-noticias","28":"tag-ultimasnoticias","29":"tag-world","30":"tag-world-news","31":"tag-worldnews"},"share_on_mastodon":{"url":"https:\/\/pubeurope.com\/@pt\/115699435669052591","error":""},"_links":{"self":[{"href":"https:\/\/www.europesays.com\/pt\/wp-json\/wp\/v2\/posts\/183731","targetHints":{"allow":["GET"]}}],"collection":[{"href":"https:\/\/www.europesays.com\/pt\/wp-json\/wp\/v2\/posts"}],"about":[{"href":"https:\/\/www.europesays.com\/pt\/wp-json\/wp\/v2\/types\/post"}],"author":[{"embeddable":true,"href":"https:\/\/www.europesays.com\/pt\/wp-json\/wp\/v2\/users\/2"}],"replies":[{"embeddable":true,"href":"https:\/\/www.europesays.com\/pt\/wp-json\/wp\/v2\/comments?post=183731"}],"version-history":[{"count":0,"href":"https:\/\/www.europesays.com\/pt\/wp-json\/wp\/v2\/posts\/183731\/revisions"}],"wp:featuredmedia":[{"embeddable":true,"href":"https:\/\/www.europesays.com\/pt\/wp-json\/wp\/v2\/media\/183732"}],"wp:attachment":[{"href":"https:\/\/www.europesays.com\/pt\/wp-json\/wp\/v2\/media?parent=183731"}],"wp:term":[{"taxonomy":"category","embeddable":true,"href":"https:\/\/www.europesays.com\/pt\/wp-json\/wp\/v2\/categories?post=183731"},{"taxonomy":"post_tag","embeddable":true,"href":"https:\/\/www.europesays.com\/pt\/wp-json\/wp\/v2\/tags?post=183731"}],"curies":[{"name":"wp","href":"https:\/\/api.w.org\/{rel}","templated":true}]}}