{"id":183749,"date":"2025-12-11T06:36:38","date_gmt":"2025-12-11T06:36:38","guid":{"rendered":"https:\/\/www.europesays.com\/pt\/183749\/"},"modified":"2025-12-11T06:36:38","modified_gmt":"2025-12-11T06:36:38","slug":"belgica-quer-reserva-de-dinheiro-adicional-para-prevenir-ataque-do-kremlin-ao-uso-dos-ativos-congelados","status":"publish","type":"post","link":"https:\/\/www.europesays.com\/pt\/183749\/","title":{"rendered":"B\u00e9lgica quer reserva de dinheiro adicional para prevenir ataque do Kremlin ao uso dos ativos congelados"},"content":{"rendered":"<p>\t                O pa\u00eds tem sido o grande obst\u00e1culo ao plano europeu. O governo do primeiro-ministro Bart de Wever teme que o Euroclear possa perder uma a\u00e7\u00e3o em tribunal contra a R\u00fassia e deixar o pa\u00eds sozinho a suportar as penaliza\u00e7\u00f5es legais e financeiras<\/p>\n<p style=\"margin-bottom:11px\">A B\u00e9lgica est\u00e1 a pedir \u00e0 Uni\u00e3o Europeia uma reserva de dinheiro adicional para fazer face \u00e0s amea\u00e7as do Kremlin relativas ao empr\u00e9stimo de 210 mil milh\u00f5es de euros \u00e0 Ucr\u00e2nia que recorre aos bens russos congelados.\u00a0A informa\u00e7\u00e3o foi <a href=\"https:\/\/www.politico.eu\/article\/document-belgium-demands-extra-financial-safety-nets-against-russian-assets-loan\/\" target=\"_blank\" rel=\"nofollow noopener\">avan\u00e7ada pelo Politico<\/a> esta quarta-feira.<\/p>\n<p>Esta \u00e9 uma das altera\u00e7\u00f5es que a B\u00e9lgica quer fazer \u00e0 proposta da Comiss\u00e3o Europeia, que pretende alavancar 185 mil milh\u00f5es de euros em ativos estatais russos congelados detidos pelo deposit\u00e1rio financeiro Euroclear, com sede em Bruxelas &#8211; os restantes 25 mil milh\u00f5es de euros viriam de outros ativos russos congelados.<\/p>\n<p>Segundo a publica\u00e7\u00e3o, o governo belga pediu \u00e0 Uni\u00e3o Europeia para colocar de parte uma quantidade indeterminada de dinheiro para proteger o Euroclear de uma eventual retalia\u00e7\u00e3o da R\u00fassia na justi\u00e7a. A reserva de dinheiro adicional dever\u00e1 ser financiada, diz a B\u00e9lgica, pelos lucros extraordin\u00e1rios que o Euroclear obt\u00e9m em juros de uma conta de dep\u00f3sito no Banco Central Europeu, onde o dinheiro sancionado pelo Kremlin se encontra atualmente e cujos rendimentos ascenderam a 4 mil milh\u00f5es de euros em 2024.<\/p>\n<p>A B\u00e9lgica tem sido o grande obst\u00e1culo ao plano europeu do uso dos ativos russos no apoio financeiro \u00e0 Ucr\u00e2nia. O governo do primeiro-ministro Bart de Wever teme que o Euroclear possa perder uma a\u00e7\u00e3o em tribunal contra a R\u00fassia e deixar o pa\u00eds sozinho a suportar as penaliza\u00e7\u00f5es legais e financeiras.<\/p>\n<p>\u201cN\u00e3o vamos colocar riscos que envolvam centenas de milhares de milh\u00f5es [de euros] sobre os ombros dos belgas. Nem hoje, nem amanh\u00e3, nunca\u201d, garantiu De Wever, no passado dia 3 de dezembro.<\/p>\n<p>O governo de De Wever est\u00e1 tamb\u00e9m preocupado com a seguran\u00e7a f\u00edsica da B\u00e9lgica perante a guerra h\u00edbrida de Moscovo contra a Europa, cerca de um m\u00eas depois de v\u00e1rios drones terem sido avistados a sobrevoar o Aeroporto de Bruxelas, e ainda com a pr\u00f3pria estabilidade do Euro; um raide ao Euroclear obrigaria os investidores a repensarem a coloca\u00e7\u00e3o dos seus ativos em bancos europeus, considera o executivo belga.<\/p>\n<p>A posi\u00e7\u00e3o belga \u00e9 tamb\u00e9m afetada pela sempre inst\u00e1vel pol\u00edtica interna do pa\u00eds, com as negocia\u00e7\u00f5es para o or\u00e7amento de 2026 a arrastarem-se durante meses.<\/p>\n<p>&#8220;Estou a negociar h\u00e1 semanas para encontrar 10 mil milh\u00f5es de euros&#8221;, disse De Wever a caminho da cimeira da UE na semana passada. &#8220;Um cen\u00e1rio em que a B\u00e9lgica teria de devolver \u00e0 R\u00fassia mais de dez vezes esse montante seria impens\u00e1vel&#8221;, acrescentou.<\/p>\n","protected":false},"excerpt":{"rendered":"O pa\u00eds tem sido o grande obst\u00e1culo ao plano europeu. O governo do primeiro-ministro Bart de Wever teme&hellip;\n","protected":false},"author":2,"featured_media":183750,"comment_status":"","ping_status":"","sticky":false,"template":"","format":"standard","meta":{"footnotes":""},"categories":[50],"tags":[609,836,611,37439,37437,35783,3917,37438,27,28,607,608,333,1834,832,604,135,610,476,15,16,301,830,14,603,6164,25,26,570,21,22,831,833,62,834,12,13,19,20,835,602,52,32,23,24,17,18,840,29,30,31,636,63,64,65],"class_list":{"0":"post-183749","1":"post","2":"type-post","3":"status-publish","4":"format-standard","5":"has-post-thumbnail","7":"category-mundo","8":"tag-alerta","9":"tag-analise","10":"tag-ao-minuto","11":"tag-ativos-congelados","12":"tag-ativos-russos-congelados","13":"tag-bart-de-wever","14":"tag-belgica","15":"tag-bens-russos-congelados","16":"tag-breaking-news","17":"tag-breakingnews","18":"tag-cnn","19":"tag-cnn-portugal","20":"tag-comentadores","21":"tag-comissao-europeia","22":"tag-costa","23":"tag-crime","24":"tag-desporto","25":"tag-direto","26":"tag-economia","27":"tag-featured-news","28":"tag-featurednews","29":"tag-governo","30":"tag-guerra","31":"tag-headlines","32":"tag-justica","33":"tag-kremlin","34":"tag-latest-news","35":"tag-latestnews","36":"tag-live","37":"tag-main-news","38":"tag-mainnews","39":"tag-mais-vistas","40":"tag-marcelo","41":"tag-mundo","42":"tag-negocios","43":"tag-news","44":"tag-noticias","45":"tag-noticias-principais","46":"tag-noticiasprincipais","47":"tag-opiniao","48":"tag-pais","49":"tag-politica","50":"tag-portugal","51":"tag-principais-noticias","52":"tag-principaisnoticias","53":"tag-top-stories","54":"tag-topstories","55":"tag-ucrania","56":"tag-ultimas","57":"tag-ultimas-noticias","58":"tag-ultimasnoticias","59":"tag-uniao-europeia","60":"tag-world","61":"tag-world-news","62":"tag-worldnews"},"share_on_mastodon":{"url":"","error":"Validation failed: Text character limit of 500 exceeded"},"_links":{"self":[{"href":"https:\/\/www.europesays.com\/pt\/wp-json\/wp\/v2\/posts\/183749","targetHints":{"allow":["GET"]}}],"collection":[{"href":"https:\/\/www.europesays.com\/pt\/wp-json\/wp\/v2\/posts"}],"about":[{"href":"https:\/\/www.europesays.com\/pt\/wp-json\/wp\/v2\/types\/post"}],"author":[{"embeddable":true,"href":"https:\/\/www.europesays.com\/pt\/wp-json\/wp\/v2\/users\/2"}],"replies":[{"embeddable":true,"href":"https:\/\/www.europesays.com\/pt\/wp-json\/wp\/v2\/comments?post=183749"}],"version-history":[{"count":0,"href":"https:\/\/www.europesays.com\/pt\/wp-json\/wp\/v2\/posts\/183749\/revisions"}],"wp:featuredmedia":[{"embeddable":true,"href":"https:\/\/www.europesays.com\/pt\/wp-json\/wp\/v2\/media\/183750"}],"wp:attachment":[{"href":"https:\/\/www.europesays.com\/pt\/wp-json\/wp\/v2\/media?parent=183749"}],"wp:term":[{"taxonomy":"category","embeddable":true,"href":"https:\/\/www.europesays.com\/pt\/wp-json\/wp\/v2\/categories?post=183749"},{"taxonomy":"post_tag","embeddable":true,"href":"https:\/\/www.europesays.com\/pt\/wp-json\/wp\/v2\/tags?post=183749"}],"curies":[{"name":"wp","href":"https:\/\/api.w.org\/{rel}","templated":true}]}}