{"id":183759,"date":"2025-12-11T06:50:20","date_gmt":"2025-12-11T06:50:20","guid":{"rendered":"https:\/\/www.europesays.com\/pt\/183759\/"},"modified":"2025-12-11T06:50:20","modified_gmt":"2025-12-11T06:50:20","slug":"a-noruega-esta-a-construir-o-tunel-mais-profundo-do-mundo-392-metros-abaixo-do-mar","status":"publish","type":"post","link":"https:\/\/www.europesays.com\/pt\/183759\/","title":{"rendered":"A Noruega est\u00e1 a construir o t\u00fanel mais profundo do mundo: 392 metros abaixo do mar"},"content":{"rendered":"<p class=\"wp-caption-text top\">Norconsult<\/p>\n<p><img decoding=\"async\" loading=\"lazy\" class=\"size-kopa-image-size-3 wp-image-715496\" src=\"https:\/\/www.europesays.com\/pt\/wp-content\/uploads\/2025\/12\/810502b724b4677b50938313406453cf-783x450.jpg\" alt=\"\" width=\"700\" height=\"402\"  \/><\/p>\n<p class=\"wp-caption-text bot\">O Rogfast vai ser o t\u00fanel mais profundo do mundo<\/p>\n<p><strong>J\u00e1 em constru\u00e7\u00e3o, o Rogfast, na Noruega, ser\u00e1 o t\u00fanel submarino mais longo e profundo do mundo, com 27 quil\u00f3metros de extens\u00e3o ao largo da costa ocidental do pa\u00eds. Com duas galerias paralelas, ter\u00e1 uma dupla rotunda a 260 metros de profundidade.<br \/><\/strong><\/p>\n<p>A Noruega est\u00e1 envolvida na constru\u00e7\u00e3o de uma das infraestruturas mais ambiciosas da sua hist\u00f3ria recente. Os seus engenheiros conceberam um t\u00fanel com duas galerias paralelas, com 27 quil\u00f3metros, que descer\u00e1 at\u00e9 392 metros abaixo do n\u00edvel do mar, tornando-se o t\u00fanel rodovi\u00e1rio submarino <strong>mais longo e mais profundo<\/strong> do planeta.<\/p>\n<p>Se n\u00e3o houver atrasos, o t\u00fanel, a que foi dado o nome de <strong>Rogfast<\/strong> \u2014 abreviatura de <strong>Rogaland fastforbindelse,<\/strong> o nome da regi\u00e3o seguido da palavra norueguesa que significa \u201cliga\u00e7\u00e3o fixa\u201d \u2014 dever\u00e1 estar conclu\u00eddo em 2033.<\/p>\n<p>O t\u00fanel ser\u00e1 uma das pe\u00e7as fundamentais da autoestrada costeira E39, um eixo de 1.100 quil\u00f3metros que liga Trondheim, no norte, a Kristiansand, no sul do pa\u00eds. Hoje, percorrer esta estrada implica<strong> 21 horas de viagem<\/strong> e a utiliza\u00e7\u00e3o de at\u00e9 sete ferries.<\/p>\n<p>O objetivo deste sistema de pontes e t\u00faneis \u00e9 <strong>eliminar completamente os ferries<\/strong> e reduzir o <strong>tempo de viagem para metade<\/strong>. Mas isso s\u00f3 dever\u00e1 acontecer, de acordo com as mais otimistas estimativas dos promotores, <strong>por volta de 2050<\/strong>, nota o <a href=\"https:\/\/www.elconfidencial.com\/tecnologia\/novaceno\/2025-12-05\/noruega-nuevo-tunel-mas-profundo-del-mundo-bajo-el-mar_4260650\/\" data-wpel-link=\"external\" target=\"_blank\" rel=\"nofollow external noopener noreferrer\" class=\"ext-link\">El Confidencial<\/a>.<\/p>\n<p>\u201cO t\u00fanel vai melhorar significativamente a conectividade ao longo da costa oeste da Noruega, ao criar uma liga\u00e7\u00e3o mais r\u00e1pida e fi\u00e1vel entre as regi\u00f5es de Stavanger e Haugesund\u201d, explica <strong>Anne Brit Moen<\/strong>, diretora de projeto na <a href=\"https:\/\/www.skanska.com\/\" data-wpel-link=\"external\" target=\"_blank\" rel=\"nofollow external noopener noreferrer\" class=\"ext-link\">Skanska<\/a>, a construtora respons\u00e1vel pelas obras na parte norte do t\u00fanel, o tro\u00e7o mais profundo, com 9 quil\u00f3metros.<\/p>\n<p>A constru\u00e7\u00e3o <strong>come\u00e7ou em janeiro de 2018<\/strong>, mas foi interrompida no final de 2019 devido a<strong> derrapagens de custos<\/strong> que levaram ao cancelamento dos contratos existentes e a uma reestrutura\u00e7\u00e3o do projeto.<\/p>\n<p>Os trabalhos foram retomados no final de 2021 e estima-se que possam ser conclu\u00eddos por um custo aproximado de 25 mil milh\u00f5es de coroas norueguesas (cerca de <strong>2100 milh\u00f5es de euros<\/strong>).<\/p>\n<p>O t\u00fanel ter\u00e1 duas galerias separadas, cada um com duas faixas de rodagem, concebidas exclusivamente para <strong>tr\u00e1fego autom\u00f3vel<\/strong>.<\/p>\n<p>Contar\u00e1 ainda com um <strong>elemento de design pouco convencional<\/strong> a meio do percurso: uma <strong>dupla rotunda a 260 metros de profundidade<\/strong>, que far\u00e1 a liga\u00e7\u00e3o a um t\u00fanel de acesso \u00e0 ilha de Kvits\u00f8y, o mais pequeno munic\u00edpio da Noruega.<\/p>\n<p>Como a maioria dos t\u00faneis modernos, o Rogfast est\u00e1 a ser escavado em simult\u00e2neo <strong>a partir de ambos os extremos<\/strong>, para poupar tempo, o que obriga a que as duas equipas de constru\u00e7\u00e3o <strong>se encontrem a meio do caminho<\/strong> com uma <strong>margem de erro de apenas 5 cent\u00edmetros<\/strong>.<\/p>\n<p>Este limite, garantem os engenheiros da Skanska, \u00e9 um dos mais exigentes do mundo, mas <strong>permite poupar muito tempo, dinheiro<\/strong>, res\u00edduos e emiss\u00f5es \u2014 desde que se evitem desvios.<\/p>\n<p>Levar a cabo uma obra deste tipo a centenas de metros de profundidade sob o mar \u00e9 um <strong>constante quebra-cabe\u00e7as<\/strong>.<\/p>\n<p>\u201cEstamos agora a 300 metros abaixo do n\u00edvel do mar e j\u00e1 tivemos <strong>infiltra\u00e7\u00f5es<\/strong> bastante significativas de \u00e1gua salgada no sistema de t\u00faneis. Como vamos descer at\u00e9 392 metros abaixo do n\u00edvel do mar, estamos concentrados em encontrar os melhores m\u00e9todos para garantir <strong>condi\u00e7\u00f5es de trabalho seguras<\/strong> e eficientes para todos\u201d, sublinha a diretora do projeto.<\/p>\n<p>O t\u00fanel integrar\u00e1 <strong>medidas para proteger os condutores da polui\u00e7\u00e3o<\/strong> do ar. Ter\u00e1 um sistema de ventila\u00e7\u00e3o longitudinal com ventiladores de rea\u00e7\u00e3o para criar fluxo de ar, que funcionar\u00e1 em conjunto com um sistema de ventila\u00e7\u00e3o.<\/p>\n<p>\u201cEsta combina\u00e7\u00e3o foi concebida para garantir uma <strong>circula\u00e7\u00e3o de ar eficaz<\/strong> e seguran\u00e7a ao longo da consider\u00e1vel extens\u00e3o do t\u00fanel\u201d, nota Moen. Haver\u00e1 tamb\u00e9m um <strong>sistema de c\u00e2maras e radar a monitorizar em tempo real<\/strong> os ve\u00edculos para detetar potenciais avarias ou situa\u00e7\u00f5es de congestionamento.<\/p>\n<p>Embora Moen reconhe\u00e7a que se v\u00e3o <strong>perder postos de trabalho<\/strong> com o fim dos ferries, acredita que <strong>a regi\u00e3o ser\u00e1 compensada<\/strong> por outras oportunidades. A diretora do projeto garante que o t\u00fanel vai facilitar o <strong>acesso a outros empregos<\/strong>, bem como \u00e0 educa\u00e7\u00e3o e a servi\u00e7os p\u00fablicos para as comunidades locais.<\/p>\n<p>O Rogfast ter\u00e1 tamb\u00e9m, diz, <strong>efeitos positivos na economia local<\/strong> e na ind\u00fastria das pescas, uma vez que os custos log\u00edsticos ir\u00e3o baixar e as empresas poder\u00e3o operar numa \u00e1rea mais vasta.<\/p>\n<p>\u201cO projeto tamb\u00e9m cria muito emprego durante a fase de constru\u00e7\u00e3o e lan\u00e7a as bases para um <strong>desenvolvimento regional mais sustent\u00e1vel<\/strong> e integrado ao longo da fragmentada costa ocidental da Noruega\u201d, afirma Moen.<\/p>\n<p>Embora o Rogfast venha a ser o t\u00fanel mais profundo, o t\u00edtulo de t\u00fanel mais longo do mundo com uma sec\u00e7\u00e3o submarina pertence ao <strong>t\u00fanel Seikan<\/strong>. Situado no norte do Jap\u00e3o, \u00e9 usado exclusivamente para transporte ferrovi\u00e1rio e tem um comprimento total de 53,85 km, com uma sec\u00e7\u00e3o submarina de 23,3 km.<\/p>\n<p>O <strong>Eurot\u00fanel<\/strong>, que liga Inglaterra \u00e0 Fran\u00e7a, \u00e9 mais curto, com 50,46 km, mas a sua sec\u00e7\u00e3o submarina, com 37,9 km, \u00e9 mais longa do que a do Rogfast. O t\u00fanel noruegu\u00eas ser\u00e1, no entanto, <strong>muito mais profundo<\/strong> do que o Seikan ou o Eurot\u00fanel, que se situam, respetivamente, a 240 metros e 115 metros abaixo do n\u00edvel do mar.<\/p>\n<p>    <a href=\"https:\/\/zap.aeiou.pt\/subscrever-newsletter\" data-wpel-link=\"internal\" rel=\"nofollow noopener\" target=\"_blank\">&#13;<br \/>\n        <img loading=\"lazy\" decoding=\"async\" class=\"aligncenter size-full wp-image-575475\" src=\"https:\/\/www.europesays.com\/pt\/wp-content\/uploads\/2025\/12\/1765389371_545_2d51fe4a0ba54894421ead1809309ed9-1-450x140.jpg\" alt=\"Subscreva a Newsletter ZAP\" width=\"450\" height=\"140\"\/>&#13;<br \/>\n    <\/a><\/p>\n<p>                <a href=\"https:\/\/whatsapp.com\/channel\/0029VaIC4EE2f3EJZPPSbR34\" data-wpel-link=\"external\" target=\"_blank\" rel=\"nofollow external noopener noreferrer\" class=\"ext-link\">&#13;<br \/>\n                    <img loading=\"lazy\" decoding=\"async\" class=\"aligncenter size-full wp-image-575475\" src=\"https:\/\/www.europesays.com\/pt\/wp-content\/uploads\/2025\/12\/1765389371_770_c68c559d956d4ca20f435ed74a6e71e6.png\" alt=\"Siga-nos no WhatsApp\" width=\"175\" height=\"64\"\/>&#13;<br \/>\n                <\/a><\/p>\n<p>                <a href=\"https:\/\/news.google.com\/publications\/CAAiEHRwZondIV71PDjWNoqMduEqFAgKIhB0cGaJ3SFe9Tw41jaKjHbh?hl=en-US&amp;gl=US&amp;ceid=US%3Aen\" data-wpel-link=\"external\" target=\"_blank\" rel=\"nofollow external noopener noreferrer\" class=\"ext-link\">&#13;<br \/>\n                    <img loading=\"lazy\" decoding=\"async\" class=\"aligncenter size-full wp-image-575475\" src=\"https:\/\/www.europesays.com\/pt\/wp-content\/uploads\/2025\/12\/1765389372_556_5123dd8b087b644fdb8f8603acd1bad4.png\" alt=\"Siga-nos no Google News\" width=\"176\" height=\"64\"\/>&#13;<br \/>\n                <\/a><\/p>\n","protected":false},"excerpt":{"rendered":"Norconsult O Rogfast vai ser o t\u00fanel mais profundo do mundo J\u00e1 em constru\u00e7\u00e3o, o Rogfast, na Noruega,&hellip;\n","protected":false},"author":2,"featured_media":183760,"comment_status":"","ping_status":"","sticky":false,"template":"","format":"standard","meta":{"footnotes":""},"categories":[50],"tags":[27,28,269,22147,15,16,14,25,26,21,22,62,12,965,13,19,20,23,24,17,18,2588,29,30,31,63,64,65],"class_list":{"0":"post-183759","1":"post","2":"type-post","3":"status-publish","4":"format-standard","5":"has-post-thumbnail","7":"category-mundo","8":"tag-breaking-news","9":"tag-breakingnews","10":"tag-capa","11":"tag-engenharia","12":"tag-featured-news","13":"tag-featurednews","14":"tag-headlines","15":"tag-latest-news","16":"tag-latestnews","17":"tag-main-news","18":"tag-mainnews","19":"tag-mundo","20":"tag-news","21":"tag-noruega","22":"tag-noticias","23":"tag-noticias-principais","24":"tag-noticiasprincipais","25":"tag-principais-noticias","26":"tag-principaisnoticias","27":"tag-top-stories","28":"tag-topstories","29":"tag-transportes","30":"tag-ultimas","31":"tag-ultimas-noticias","32":"tag-ultimasnoticias","33":"tag-world","34":"tag-world-news","35":"tag-worldnews"},"share_on_mastodon":{"url":"https:\/\/pubeurope.com\/@pt\/115699608932586165","error":""},"_links":{"self":[{"href":"https:\/\/www.europesays.com\/pt\/wp-json\/wp\/v2\/posts\/183759","targetHints":{"allow":["GET"]}}],"collection":[{"href":"https:\/\/www.europesays.com\/pt\/wp-json\/wp\/v2\/posts"}],"about":[{"href":"https:\/\/www.europesays.com\/pt\/wp-json\/wp\/v2\/types\/post"}],"author":[{"embeddable":true,"href":"https:\/\/www.europesays.com\/pt\/wp-json\/wp\/v2\/users\/2"}],"replies":[{"embeddable":true,"href":"https:\/\/www.europesays.com\/pt\/wp-json\/wp\/v2\/comments?post=183759"}],"version-history":[{"count":0,"href":"https:\/\/www.europesays.com\/pt\/wp-json\/wp\/v2\/posts\/183759\/revisions"}],"wp:featuredmedia":[{"embeddable":true,"href":"https:\/\/www.europesays.com\/pt\/wp-json\/wp\/v2\/media\/183760"}],"wp:attachment":[{"href":"https:\/\/www.europesays.com\/pt\/wp-json\/wp\/v2\/media?parent=183759"}],"wp:term":[{"taxonomy":"category","embeddable":true,"href":"https:\/\/www.europesays.com\/pt\/wp-json\/wp\/v2\/categories?post=183759"},{"taxonomy":"post_tag","embeddable":true,"href":"https:\/\/www.europesays.com\/pt\/wp-json\/wp\/v2\/tags?post=183759"}],"curies":[{"name":"wp","href":"https:\/\/api.w.org\/{rel}","templated":true}]}}