{"id":183761,"date":"2025-12-11T06:53:16","date_gmt":"2025-12-11T06:53:16","guid":{"rendered":"https:\/\/www.europesays.com\/pt\/183761\/"},"modified":"2025-12-11T06:53:16","modified_gmt":"2025-12-11T06:53:16","slug":"mulher-de-mauricio-manieri-sofre-avc-passa-por-cirurgia-no-coracao-e-esta-em-uti","status":"publish","type":"post","link":"https:\/\/www.europesays.com\/pt\/183761\/","title":{"rendered":"Mulher de Maur\u00edcio Manieri sofre AVC, passa por cirurgia no cora\u00e7\u00e3o e est\u00e1 em UTI"},"content":{"rendered":"\n<p>Maur\u00edcio Manieri, de 49 anos de idade, usou as redes sociais na madrugada desta quarta-feira (10) para contar aos seguidores que a esposa, a apresentadora\u00a0Iza Stein, de 43 anos, sofreu um AVC (acidente vascular cerebral) transit\u00f3rio no dia 4 de dezembro. O cantor contou que, desde ent\u00e3o, ela est\u00e1 internada na UTI (Unidade de terapia intensiva) de um hospital de S\u00e3o Paulo. Ela passou por um procedimento card\u00edaco na segunda-feira (8).<\/p>\n<p>Ao atualizar o estado de sa\u00fade, ele contou que o quadro de sa\u00fade evolui com melhoras, mas afirmou ter passado por momentos desesperadores. \u201cSobre o estado de sa\u00fade da minha bonequinha, Iza Stein. Ela teve um AVC dias atr\u00e1s e teve que fazer uma cirurgia no cora\u00e7\u00e3o, mas Deus realizou um milagre e ela t\u00e1 superbem e tamb\u00e9m sem sequelas\u201d, disse.<\/p>\n<p>\u201cFoi realmente muito desesperador, mas a gente fez todos os exames. Foi detectado que, provavelmente, a causa desse AVC tinha a ver com um problema cong\u00eanito que a Iza tinha no cora\u00e7\u00e3o. Ela teve que fazer uma cirurgia para corrigir esse problema. Ela est\u00e1 superbem agora.\u201d<\/p>\n<p><img decoding=\"async\" alt=\"\" height=\"547\" loading=\"lazy\" src=\"https:\/\/www.europesays.com\/pt\/wp-content\/uploads\/2025\/12\/esposa-mauricio-manieri-redes-sociais.jpg\" width=\"800\"\/><\/p>\n<p>Na sequ\u00eancia, afirmou ainda: \u201cEla est\u00e1 ainda na UTI, mas em alguns dias temos f\u00e9 que vai ter alta! Obrigado pelas mensagens e tamb\u00e9m pelas ora\u00e7\u00f5es, meus amores! Est\u00e3o sendo muito importantes para a recupera\u00e7\u00e3o da Izinha. Seguimos orando\u201d.<\/p>\n<p>No perfil de Iza Stein, um post publicado na noite de ter\u00e7a-feira (9) informa que o quadro de sa\u00fade dela \u00e9 est\u00e1vel. \u201cNa quinta-feira passada, a Iza teve um AVC Transit\u00f3rio com paralisia facial e desde ent\u00e3o segue internada na UTI, agora em estado est\u00e1vel. Na segunda-feira, passou por um procedimento card\u00edaco bem-sucedido e temos certeza que estar\u00e1 em breve 100% recuperada\u2026 Ela e toda fam\u00edlia agradecem as ora\u00e7\u00f5es e mensagens de carinho! Deus operou milagres e como ela sempre diz: Deus \u00e9 bom o tempo todo!\u201d, afirma o post assinado pela equipe da apresentadora.<\/p>\n<p>Maur\u00edcio Manieri e Iza Stein est\u00e3o juntos desde 1999 e casados desde 2008. Do relacionamento, eles t\u00eam um filho,\u00a0Marco, de 15 anos. Em 2023, o casal realizou uma\u00a0cerim\u00f4nia de renova\u00e7\u00e3o de votos da uni\u00e3o. Em 2020, o\u00a0cantor sofreu um infarto ap\u00f3s ter duas art\u00e9rias obstru\u00eddas.<\/p>\n","protected":false},"excerpt":{"rendered":"Maur\u00edcio Manieri, de 49 anos de idade, usou as redes sociais na madrugada desta quarta-feira (10) para contar&hellip;\n","protected":false},"author":2,"featured_media":183762,"comment_status":"","ping_status":"","sticky":false,"template":"","format":"standard","meta":{"footnotes":""},"categories":[145],"tags":[27512,24593,1493,211,210,5953,1618,114,115,1789,5676,37444,37443,29367,32,14324,33,5261,654,117,9661],"class_list":{"0":"post-183761","1":"post","2":"type-post","3":"status-publish","4":"format-standard","5":"has-post-thumbnail","7":"category-celebridades","8":"tag-acidente-vascular-cerebral","9":"tag-arterias","10":"tag-avc","11":"tag-celebridades","12":"tag-celebrities","13":"tag-cirurgia","14":"tag-coracao","15":"tag-entertainment","16":"tag-entretenimento","17":"tag-hospital","18":"tag-infarto","19":"tag-iza-stein","20":"tag-mauricio-manieri","21":"tag-paralisia","22":"tag-portugal","23":"tag-procedimento","24":"tag-pt","25":"tag-recuperacao","26":"tag-sao-paulo","27":"tag-saude","28":"tag-uti"},"share_on_mastodon":{"url":"https:\/\/pubeurope.com\/@pt\/115699620772708450","error":""},"_links":{"self":[{"href":"https:\/\/www.europesays.com\/pt\/wp-json\/wp\/v2\/posts\/183761","targetHints":{"allow":["GET"]}}],"collection":[{"href":"https:\/\/www.europesays.com\/pt\/wp-json\/wp\/v2\/posts"}],"about":[{"href":"https:\/\/www.europesays.com\/pt\/wp-json\/wp\/v2\/types\/post"}],"author":[{"embeddable":true,"href":"https:\/\/www.europesays.com\/pt\/wp-json\/wp\/v2\/users\/2"}],"replies":[{"embeddable":true,"href":"https:\/\/www.europesays.com\/pt\/wp-json\/wp\/v2\/comments?post=183761"}],"version-history":[{"count":0,"href":"https:\/\/www.europesays.com\/pt\/wp-json\/wp\/v2\/posts\/183761\/revisions"}],"wp:featuredmedia":[{"embeddable":true,"href":"https:\/\/www.europesays.com\/pt\/wp-json\/wp\/v2\/media\/183762"}],"wp:attachment":[{"href":"https:\/\/www.europesays.com\/pt\/wp-json\/wp\/v2\/media?parent=183761"}],"wp:term":[{"taxonomy":"category","embeddable":true,"href":"https:\/\/www.europesays.com\/pt\/wp-json\/wp\/v2\/categories?post=183761"},{"taxonomy":"post_tag","embeddable":true,"href":"https:\/\/www.europesays.com\/pt\/wp-json\/wp\/v2\/tags?post=183761"}],"curies":[{"name":"wp","href":"https:\/\/api.w.org\/{rel}","templated":true}]}}