{"id":183767,"date":"2025-12-11T07:06:15","date_gmt":"2025-12-11T07:06:15","guid":{"rendered":"https:\/\/www.europesays.com\/pt\/183767\/"},"modified":"2025-12-11T07:06:15","modified_gmt":"2025-12-11T07:06:15","slug":"trabalhos-de-manutencao-voltam-a-causar-cortes-de-eletricidade-no-proximo-domingo","status":"publish","type":"post","link":"https:\/\/www.europesays.com\/pt\/183767\/","title":{"rendered":"Trabalhos de manuten\u00e7\u00e3o voltam a causar cortes de eletricidade no pr\u00f3ximo domingo"},"content":{"rendered":"<p class=\"category\"><a href=\"https:\/\/sicnoticias.pt\/pais\" rel=\"nofollow noopener\" target=\"_blank\">Pa\u00eds<\/a><\/p>\n<p>Os cortes de energia afetar\u00e3o freguesias espec\u00edficas dos concelhos de Faro, Lisboa e Sintra, entre as 5:00 e as 11:00 da manh\u00e3.<\/p>\n<p><img decoding=\"async\" src=\"https:\/\/www.europesays.com\/pt\/wp-content\/uploads\/2025\/12\/1765436775_649_original.webp\" alt=\"Trabalhos de manuten\u00e7\u00e3o voltam a causar cortes de eletricidade no pr\u00f3ximo domingo\"\/><\/p>\n<p>Laurent Amilo \/ 500px<\/p>\n<p><strong>Tal como tem ocorrido nas \u00faltimas semanas<\/strong><strong>, no domingo, dia 14 de dezembro, v\u00e1rias localidades v\u00e3o ficar temporariamente sem eletricidade devido a trabalhos de manuten\u00e7\u00e3o programados.<\/strong><\/p>\n<p>Conforme a informa\u00e7\u00e3o disponibilizada no site da <a href=\"https:\/\/www.e-redes.pt\/pt-pt\/o-que-fazemos\/qualidade-de-servico\/consulte-interrupcoes-agendadas\" target=\"_blank\" rel=\"noopener noreferrer nofollow\">E-Redes<\/a> a interrup\u00e7\u00e3o ir\u00e1 afetar as seguintes zonas:<\/p>\n<p><strong>Faro<\/strong><\/p>\n<ul>\n<li value=\"1\"><strong>Freguesia Albufeira E Olhos De \u00c1gua<\/strong><br \/>08:00 \u00e0s 11:00<br \/>Cais Do Novo Mundo, Rua Da Vela Latina, S\u00edtio V\u00e1rzeas Da Orada, S\u00edtio Orada, Urbaniza\u00e7\u00e3o Quinta Da Orada, Urbaniza\u00e7\u00e3o Vale Orada<\/li>\n<li value=\"2\"><strong>Freguesia de Montenegro<\/strong><br \/>08:00 \u00e0s 11:00<br \/>Rua Agostinho Da Silva<\/li>\n<\/ul>\n<p><strong>Lisboa<\/strong><\/p>\n<ul>\n<li value=\"1\"><strong>Freguesia de Avenidas Novas<\/strong><br \/>05:00 \u00e0s 11:00<br \/>Avenida Jo\u00e3o Cris\u00f3stomo, Avenida Marqu\u00eas De Tomar, Avenida Miguel Bombarda, Avenida Visconde De Valmor<\/li>\n<li value=\"2\"><strong>Freguesia de Carnide<\/strong><br \/>05:00 \u00e0s 11:00<br \/>Rua Rio Lena, Rua Rio Sado, Rua Rio Tejo<\/li>\n<li value=\"3\"><strong>Freguesia da Miseric\u00f3rdia<\/strong><br \/>05:00 \u00e0s 11:00<br \/>Rua Das Flores, Rua Do Alecrim<\/li>\n<\/ul>\n<p><strong>Sintra<\/strong><\/p>\n<ul>\n<li value=\"1\"><strong>Freguesia da Uni\u00e3o Das Freguesias De Almargem Do Bispo, P\u00earo Pinheiro E Montelavar<\/strong><br \/>06:00 \u00e0s 11:00<br \/>Avenida Da Liberdade &#8211; Pero Pinheiro, Avenida De Lapi\u00e1s &#8211; Pero Pinheiro, Estrada Da Serra, Estrada Maceira, Estrada Serra Maceira Jt Fab, Rua 5 De Outubro, Rua Do Alto Do Pina, Rua Do Casal Dos Ossos, Rua Do Moinho, Rua Rosa Diamantino Gon\u00e7alves Caro\u00e7o, Rua Valentim In\u00e1cio P\u00e9leve, Travessa Peleve<\/li>\n<\/ul>\n","protected":false},"excerpt":{"rendered":"Pa\u00eds Os cortes de energia afetar\u00e3o freguesias espec\u00edficas dos concelhos de Faro, Lisboa e Sintra, entre as 5:00&hellip;\n","protected":false},"author":2,"featured_media":183768,"comment_status":"","ping_status":"","sticky":false,"template":"","format":"standard","meta":{"footnotes":""},"categories":[10],"tags":[27,28,15,16,14,25,26,21,22,12,13,19,20,32,23,24,33,17,18,29,30,31],"class_list":{"0":"post-183767","1":"post","2":"type-post","3":"status-publish","4":"format-standard","5":"has-post-thumbnail","7":"category-portugal","8":"tag-breaking-news","9":"tag-breakingnews","10":"tag-featured-news","11":"tag-featurednews","12":"tag-headlines","13":"tag-latest-news","14":"tag-latestnews","15":"tag-main-news","16":"tag-mainnews","17":"tag-news","18":"tag-noticias","19":"tag-noticias-principais","20":"tag-noticiasprincipais","21":"tag-portugal","22":"tag-principais-noticias","23":"tag-principaisnoticias","24":"tag-pt","25":"tag-top-stories","26":"tag-topstories","27":"tag-ultimas","28":"tag-ultimas-noticias","29":"tag-ultimasnoticias"},"share_on_mastodon":{"url":"https:\/\/pubeurope.com\/@pt\/115699671754607346","error":""},"_links":{"self":[{"href":"https:\/\/www.europesays.com\/pt\/wp-json\/wp\/v2\/posts\/183767","targetHints":{"allow":["GET"]}}],"collection":[{"href":"https:\/\/www.europesays.com\/pt\/wp-json\/wp\/v2\/posts"}],"about":[{"href":"https:\/\/www.europesays.com\/pt\/wp-json\/wp\/v2\/types\/post"}],"author":[{"embeddable":true,"href":"https:\/\/www.europesays.com\/pt\/wp-json\/wp\/v2\/users\/2"}],"replies":[{"embeddable":true,"href":"https:\/\/www.europesays.com\/pt\/wp-json\/wp\/v2\/comments?post=183767"}],"version-history":[{"count":0,"href":"https:\/\/www.europesays.com\/pt\/wp-json\/wp\/v2\/posts\/183767\/revisions"}],"wp:featuredmedia":[{"embeddable":true,"href":"https:\/\/www.europesays.com\/pt\/wp-json\/wp\/v2\/media\/183768"}],"wp:attachment":[{"href":"https:\/\/www.europesays.com\/pt\/wp-json\/wp\/v2\/media?parent=183767"}],"wp:term":[{"taxonomy":"category","embeddable":true,"href":"https:\/\/www.europesays.com\/pt\/wp-json\/wp\/v2\/categories?post=183767"},{"taxonomy":"post_tag","embeddable":true,"href":"https:\/\/www.europesays.com\/pt\/wp-json\/wp\/v2\/tags?post=183767"}],"curies":[{"name":"wp","href":"https:\/\/api.w.org\/{rel}","templated":true}]}}