{"id":183777,"date":"2025-12-11T07:19:06","date_gmt":"2025-12-11T07:19:06","guid":{"rendered":"https:\/\/www.europesays.com\/pt\/183777\/"},"modified":"2025-12-11T07:19:06","modified_gmt":"2025-12-11T07:19:06","slug":"brasil-entre-protagonismo-global-julgamento-de-bolsonaro-e-guerra-tarifaria-com-estados-unidos","status":"publish","type":"post","link":"https:\/\/www.europesays.com\/pt\/183777\/","title":{"rendered":"Brasil entre protagonismo global, julgamento de Bolsonaro e guerra tarif\u00e1ria com Estados Unidos"},"content":{"rendered":"<p>        Alavancado pela presid\u00eancia do G20 no final do ano passado, marcada pela defesa da taxa\u00e7\u00e3o dos super-ricos e do combate \u00e0 fome, o Presidente brasileiro, Luiz In\u00e1cio Lula da Silva, acolheu a meio do ano a cimeira dos emergentes BRICS, refor\u00e7ando o discurso de maior protagonismo do Sul Global, a favor do multilateralismo, contra a imposi\u00e7\u00e3o unilateral de tarifas e na defesa de uma moeda comum para concorrer com o d\u00f3lar.    <\/p>\n<p>O Brasil atravessou 2025 entre a vontade de ser protagonista global e as tens\u00f5es pol\u00edticas, judiciais e diplom\u00e1ticas com o julgamento de Jair Bolsonaro, que resultaram numa guerra tarif\u00e1ria com os EUA e na condena\u00e7\u00e3o do ex-Presidente.<\/p>\n<p class=\"text-paragraph\">Alavancado pela presid\u00eancia do G20 no final do ano passado, marcada pela defesa da taxa\u00e7\u00e3o dos super-ricos e do combate \u00e0 fome, o Presidente brasileiro, Luiz In\u00e1cio Lula da Silva, acolheu a meio do ano a cimeira dos emergentes BRICS, refor\u00e7ando o discurso de maior protagonismo do Sul Global, a favor do multilateralismo, contra a imposi\u00e7\u00e3o unilateral de tarifas e na defesa de uma moeda comum para concorrer com o d\u00f3lar.<\/p>\n<p class=\"text-paragraph\">Se com a presid\u00eancia dos BRICS, Lula da Silva procurou unir e refor\u00e7ar o Sul Global (valendo-lhe problemas com os Estados Unidos), tentou equilibrar o tabuleiro ao assumir a presid\u00eancia do Mercosul e, ao que tudo indica, conseguir assinar ainda este ano o acordo comercial com a Uni\u00e3o Europeia.<\/p>\n<p class=\"text-paragraph\">No campo clim\u00e1tico, ap\u00f3s anos de insist\u00eancia, o Presidente brasileiro conseguiu levar, em novembro, o maior f\u00f3rum clim\u00e1tico do mundo (COP30), para a Amaz\u00f3nia, numa tentativa, por um lado, de dinamizar e de equipar com infraestruturas a prec\u00e1ria cidade de Bel\u00e9m e, por outro, mostrar aos representantes mundiais como vivem as pessoas na maior floresta tropical do mundo.<\/p>\n<p class=\"text-paragraph\">Contudo, apesar das expectativas de ambientalistas, ind\u00edgenas, povos ribeirinhos e organiza\u00e7\u00f5es n\u00e3o-governamentais de que houvesse um acordo sobre o abandono dos combust\u00edveis f\u00f3sseis, ap\u00f3s intensas negocia\u00e7\u00f5es a refer\u00eancia expl\u00edcita ficou fora do texto devido \u00e0 recusa dos pa\u00edses \u00e1rabes em abordar o tema.<\/p>\n<p class=\"text-paragraph\">A acrescentar, Lula da Silva, a poucos dias do in\u00edcio da COP30, mostrou-se a favor da prospe\u00e7\u00e3o de petr\u00f3leo, por parte da Petrobras, num po\u00e7o situado a cerca de 175 quil\u00f3metros da costa amaz\u00f3nica, ap\u00f3s ter obtido autoriza\u00e7\u00e3o da autoridade ambiental brasileira.<\/p>\n<p class=\"text-paragraph\">Mas, enquanto Lula da Silva procurava projetar o Brasil no exterior, o cen\u00e1rio interno era dominado pelo processo no qual Jair Bolsonaro foi acusado, colocado em pris\u00e3o domicili\u00e1ria, julgado e condenado, estando agora a cumprir pena de pris\u00e3o de 27 anos e tr\u00eas meses por atentar contra o Estado de direito democr\u00e1tico.<\/p>\n<p class=\"text-paragraph\">Na segunda metade do ano, entrou em jogo o Presidente dos Estados Unidos, Donald Trump, aliado de Bolsonaro, que apelidou de \u201cca\u00e7a \u00e0s bruxas\u201d o processo de tentativa de golpe de Estado e procurou pressionar tanto o poder executivo, como judicial brasileiros.<\/p>\n<p class=\"text-paragraph\">Trump aplicou tarifas de 50% a v\u00e1rios produtos brasileiros, que foram depois reduzidas ou eliminadas, e aplicou san\u00e7\u00f5es a v\u00e1rias autoridades judiciais diretamente implicadas do processo contra Jair Bolsonaro, a mais intensa das quais (ainda hoje em vigor) contra Alexandre de Moraes, \u2018inimigo n\u00famero um do bolsonarismo\u2019 e relator do processo da tentativa de golpe de Estado, que garantiu que n\u00e3o se iria intimidar com \u201cpress\u00f5es internas ou externas\u201d.<\/p>\n<p class=\"text-paragraph\">Tamb\u00e9m Lula da Silva bateu de frente com\u00a0os EUA,\u00a0afirmando que a soberania e a democracia do Brasil n\u00e3o eram negoci\u00e1veis.<\/p>\n<p class=\"text-paragraph\">Apesar da condena\u00e7\u00e3o de Bolsonaro, os canais de comunica\u00e7\u00e3o entre os Estados Unidos e o Brasil foram reabertos, com os dois l\u00edderes a participarem em v\u00e1rias reuni\u00f5es e Trump a retirar as tarifas sobre certos produtos brasileiros, incluindo carne de vaca, legumes, caf\u00e9 e cacau.<\/p>\n<p class=\"text-paragraph\">Em 2025, a seguran\u00e7a p\u00fablica voltou ao centro do debate. Primeiro, em agosto, uma opera\u00e7\u00e3o da Pol\u00edcia Federal cumpriu centenas de mandados de busca, apreens\u00e3o e pris\u00e3o contra o Primeiro Comando da Capital (PCC) num esquema bilion\u00e1rio de fraude de combust\u00edveis, lavagem de dinheiro e fraude fiscal.<\/p>\n<p class=\"text-paragraph\">Depois, em outubro, os complexos de favelas da Penha e do Alem\u00e3o, situados numa regi\u00e3o onde vivem cerca de 200 mil pessoas, foram palco da a\u00e7\u00e3o policial mais letal j\u00e1 registada no Brasil, conduzida pelo Governo do Rio de Janeiro contra o Comando Vermelho.<\/p>\n<p class=\"text-paragraph\">Pelo menos 121 pessoas morreram e tanto o governador do Rio de Janeiro, Cl\u00e1udio Castro, como as for\u00e7as de seguran\u00e7a do estado celebraram publicamente a \u201cbem-sucedida\u201d opera\u00e7\u00e3o que, segundo estes, teve apenas quatro v\u00edtimas, sendo estas os agentes que morreram durante a a\u00e7\u00e3o.<\/p>\n<p class=\"text-paragraph\">Por outro lado, o Governo federal criticou a opera\u00e7\u00e3o e v\u00e1rias organiza\u00e7\u00f5es de defesa dos direitos humanos frisaram que a seguran\u00e7a no Rio de Janeiro \u201cn\u00e3o se conquista com sangue\u201d e que a opera\u00e7\u00e3o, al\u00e9m de expor \u201co fracasso e a viol\u00eancia estrutural da pol\u00edtica de seguran\u00e7a\u201d, coloca a cidade \u201cnum estado de terror\u201d.<\/p>\n","protected":false},"excerpt":{"rendered":"Alavancado pela presid\u00eancia do G20 no final do ano passado, marcada pela defesa da taxa\u00e7\u00e3o dos super-ricos e&hellip;\n","protected":false},"author":2,"featured_media":183778,"comment_status":"","ping_status":"","sticky":false,"template":"","format":"standard","meta":{"footnotes":""},"categories":[50],"tags":[993,726,27,28,3398,235,7618,413,15,16,14,25,26,21,22,62,12,13,19,20,23,24,717,17,18,29,30,31,16986,63,64,65],"class_list":{"0":"post-183777","1":"post","2":"type-post","3":"status-publish","4":"format-standard","5":"has-post-thumbnail","7":"category-mundo","8":"tag-america","9":"tag-brasil","10":"tag-breaking-news","11":"tag-breakingnews","12":"tag-comercio","13":"tag-estados-unidos","14":"tag-estados-unidos-da-america","15":"tag-eua","16":"tag-featured-news","17":"tag-featurednews","18":"tag-headlines","19":"tag-latest-news","20":"tag-latestnews","21":"tag-main-news","22":"tag-mainnews","23":"tag-mundo","24":"tag-news","25":"tag-noticias","26":"tag-noticias-principais","27":"tag-noticiasprincipais","28":"tag-principais-noticias","29":"tag-principaisnoticias","30":"tag-tarifas","31":"tag-top-stories","32":"tag-topstories","33":"tag-ultimas","34":"tag-ultimas-noticias","35":"tag-ultimasnoticias","36":"tag-usa","37":"tag-world","38":"tag-world-news","39":"tag-worldnews"},"share_on_mastodon":{"url":"","error":""},"_links":{"self":[{"href":"https:\/\/www.europesays.com\/pt\/wp-json\/wp\/v2\/posts\/183777","targetHints":{"allow":["GET"]}}],"collection":[{"href":"https:\/\/www.europesays.com\/pt\/wp-json\/wp\/v2\/posts"}],"about":[{"href":"https:\/\/www.europesays.com\/pt\/wp-json\/wp\/v2\/types\/post"}],"author":[{"embeddable":true,"href":"https:\/\/www.europesays.com\/pt\/wp-json\/wp\/v2\/users\/2"}],"replies":[{"embeddable":true,"href":"https:\/\/www.europesays.com\/pt\/wp-json\/wp\/v2\/comments?post=183777"}],"version-history":[{"count":0,"href":"https:\/\/www.europesays.com\/pt\/wp-json\/wp\/v2\/posts\/183777\/revisions"}],"wp:featuredmedia":[{"embeddable":true,"href":"https:\/\/www.europesays.com\/pt\/wp-json\/wp\/v2\/media\/183778"}],"wp:attachment":[{"href":"https:\/\/www.europesays.com\/pt\/wp-json\/wp\/v2\/media?parent=183777"}],"wp:term":[{"taxonomy":"category","embeddable":true,"href":"https:\/\/www.europesays.com\/pt\/wp-json\/wp\/v2\/categories?post=183777"},{"taxonomy":"post_tag","embeddable":true,"href":"https:\/\/www.europesays.com\/pt\/wp-json\/wp\/v2\/tags?post=183777"}],"curies":[{"name":"wp","href":"https:\/\/api.w.org\/{rel}","templated":true}]}}