{"id":183779,"date":"2025-12-11T07:20:26","date_gmt":"2025-12-11T07:20:26","guid":{"rendered":"https:\/\/www.europesays.com\/pt\/183779\/"},"modified":"2025-12-11T07:20:26","modified_gmt":"2025-12-11T07:20:26","slug":"trovoadas-e-muita-chuva-a-vista-saiba-onde-e-quando-o-tempo-pode-apertar-esta-semana","status":"publish","type":"post","link":"https:\/\/www.europesays.com\/pt\/183779\/","title":{"rendered":"Trovoadas e muita chuva \u00e0 vista: saiba onde e quando o tempo pode &#8216;apertar&#8217; esta semana"},"content":{"rendered":"<p><strong>Portugal continental regista esta quarta-feira uma melhoria gradual do estado do tempo, ap\u00f3s a passagem de uma frente fria muito ativa associada \u00e0 depress\u00e3o Bram. No entanto, a agita\u00e7\u00e3o mar\u00edtima permanece significativa e as regi\u00f5es aut\u00f3nomas continuam sob influ\u00eancia de condi\u00e7\u00f5es meteorol\u00f3gicas adversas, mantendo o in\u00edcio desta semana marcado por instabilidade atmosf\u00e9rica.<\/strong><\/p>\n<p><strong>Continente entra em fase de transi\u00e7\u00e3o ap\u00f3s dias de instabilidade<\/strong><\/p>\n<p>Segundo o Meteored, site especializado em metereologia, os primeiros dias da semana foram marcados pela passagem sucessiva de depress\u00f5es atl\u00e2nticas, que trouxeram chuva de norte a sul do pa\u00eds. A frente fria que entrou pelo Minho espalhou precipita\u00e7\u00e3o por todo o territ\u00f3rio, com acumulados mais expressivos no Alto Minho e vento intenso em v\u00e1rios distritos do litoral Norte.<\/p>\n<p>Em cidades como Viana do Castelo, Braga e Porto, registaram-se rajadas que se aproximaram dos 90 quil\u00f3metros por hora. No mar, a situa\u00e7\u00e3o manteve-se severa, com ondas a atingir os 10 metros ao largo da costa Norte.<\/p>\n<p>Durante a madrugada desta quarta-feira persistem apenas aguaceiros fracos p\u00f3s-frontais, sobretudo nas regi\u00f5es Norte e Centro, com ocorr\u00eancias pontuais tamb\u00e9m no interior e no Sul.<\/p>\n<p>Ao longo da tarde, espera-se uma estabiliza\u00e7\u00e3o gradual, com per\u00edodos de c\u00e9u pouco nublado e abertas em v\u00e1rias regi\u00f5es, embora possam surgir ainda alguns aguaceiros residuais no Centro e no Alentejo.<\/p>\n<p><strong>Possibilidade de trovoadas e descida das m\u00ednimas<\/strong><\/p>\n<p>A chegada de uma massa de ar mais frio poder\u00e1 favorecer a forma\u00e7\u00e3o de n\u00facleos convectivos junto ao litoral durante a madrugada, aumentando a probabilidade de trovoadas, queda de granizo e rajadas de vento localmente fortes. No interior, a poss\u00edvel forma\u00e7\u00e3o de uma gota fria poder\u00e1 provocar epis\u00f3dios semelhantes, sobretudo no extremo leste do pa\u00eds.<\/p>\n<p>As temperaturas m\u00ednimas dever\u00e3o baixar entre 2 e 4 graus, enquanto as m\u00e1ximas se mant\u00eam relativamente est\u00e1veis e acima do habitual para esta altura do ano. Em Lisboa, Porto e Faro, os term\u00f3metros devem oscilar entre 18 e 19 graus. Em Bragan\u00e7a, Vila Real e Viseu, as m\u00e1ximas n\u00e3o dever\u00e3o passar dos 14 a 15 graus. J\u00e1 no Alentejo, \u00c9vora e Beja poder\u00e3o atingir os 19 graus.<\/p>\n<p><strong>Agita\u00e7\u00e3o mar\u00edtima mant\u00e9m avisos ativos<\/strong><\/p>\n<p>O estado do mar continua a exigir aten\u00e7\u00e3o. Ao longo da costa ocidental, a ondula\u00e7\u00e3o mant\u00e9m-se forte, com ondas que podem atingir os seis metros, sobretudo a norte do Cabo Mondego.<\/p>\n<p>Segundo a mesma fonte, os avisos de agita\u00e7\u00e3o mar\u00edtima mant\u00eam-se ativos at\u00e9 \u00e0s primeiras horas do dia. No Algarve, a ondula\u00e7\u00e3o ser\u00e1 mais moderada, com ondas a chegar aos dois metros na costa sul.<\/p>\n<p><strong>Regi\u00f5es aut\u00f3nomas sob cen\u00e1rios distintos<\/strong><\/p>\n<p>No arquip\u00e9lago da Madeira, o tempo tende a acalmar ap\u00f3s a passagem da frente fria que trouxe chuva persistente nos \u00faltimos dias. Prev\u00ea-se c\u00e9u muito nublado, mas com algumas abertas ao longo do dia, vento moderado e aus\u00eancia de precipita\u00e7\u00e3o na maior parte das localidades. A ondula\u00e7\u00e3o deve situar-se entre um e tr\u00eas metros.<\/p>\n<p>Nos A\u00e7ores, a situa\u00e7\u00e3o \u00e9 mais complicada. A aproxima\u00e7\u00e3o de um novo ciclone, acompanhado de uma frente associada, dever\u00e1 provocar c\u00e9u encoberto, per\u00edodos de chuva intensa e trovoadas. As rajadas de vento podem atingir os 100 quil\u00f3metros por hora, enquanto a agita\u00e7\u00e3o mar\u00edtima permanecer\u00e1 muito forte, com ondas superiores a 10 metros nas ilhas Ocidentais.<\/p>\n<p><strong>Estabilidade curta antes do regresso das frentes atl\u00e2nticas<\/strong><\/p>\n<p>A evolu\u00e7\u00e3o do padr\u00e3o atmosf\u00e9rico indica uma fase positiva do \u00edndice NAO, que altera a circula\u00e7\u00e3o no Atl\u00e2ntico Norte. Segundo a mesma fonte, a estabiliza\u00e7\u00e3o prevista para quarta e quinta-feira ser\u00e1 apenas tempor\u00e1ria. O anticiclone dever\u00e1 refor\u00e7ar-se por um curto per\u00edodo, permitindo dias com mais abertas, antes do regresso de novas frentes frias a partir da tarde de quinta-feira.<\/p>\n<p>De acordo com o <a href=\"https:\/\/www.tempo.pt\/\" target=\"_blank\" rel=\"noreferrer noopener nofollow\">Meteored<\/a>, uma nova frente atl\u00e2ntica dever\u00e1 atingir o territ\u00f3rio continental a 12 de dezembro. A precipita\u00e7\u00e3o ser\u00e1 mais intensa a norte da linha Montejunto-Estrela, com especial incid\u00eancia no Minho, Douro Litoral e litoral Centro, enfraquecendo \u00e0 medida que avan\u00e7a para sul.<\/p>\n<p>O final da semana desenrola-se, assim, num padr\u00e3o de altern\u00e2ncia entre curtos per\u00edodos de estabilidade e a chegada de novos sistemas frontais vindos do Atl\u00e2ntico.<\/p>\n<p><strong>Leia tamb\u00e9m: <a href=\"https:\/\/postal.pt\/nacional\/chuva-intensa-frio-de-rachar-nova-depressao-atlantica-portugal-neste-dia-regioes-mais-afetadas-neve\/\" rel=\"nofollow noopener\" target=\"_blank\">Chuva intensa e frio de \u2018rachar\u2019: nova depress\u00e3o atl\u00e2ntica chega a Portugal neste dia e estas ser\u00e3o as regi\u00f5es mais afetadas (pode haver neve)<\/a><\/strong><\/p>\n","protected":false},"excerpt":{"rendered":"Portugal continental regista esta quarta-feira uma melhoria gradual do estado do tempo, ap\u00f3s a passagem de uma frente&hellip;\n","protected":false},"author":2,"featured_media":183780,"comment_status":"","ping_status":"","sticky":false,"template":"","format":"standard","meta":{"footnotes":""},"categories":[10],"tags":[27,28,15,16,14,25,26,21,22,12,13,19,20,32,23,24,33,17,18,29,30,31],"class_list":{"0":"post-183779","1":"post","2":"type-post","3":"status-publish","4":"format-standard","5":"has-post-thumbnail","7":"category-portugal","8":"tag-breaking-news","9":"tag-breakingnews","10":"tag-featured-news","11":"tag-featurednews","12":"tag-headlines","13":"tag-latest-news","14":"tag-latestnews","15":"tag-main-news","16":"tag-mainnews","17":"tag-news","18":"tag-noticias","19":"tag-noticias-principais","20":"tag-noticiasprincipais","21":"tag-portugal","22":"tag-principais-noticias","23":"tag-principaisnoticias","24":"tag-pt","25":"tag-top-stories","26":"tag-topstories","27":"tag-ultimas","28":"tag-ultimas-noticias","29":"tag-ultimasnoticias"},"share_on_mastodon":{"url":"https:\/\/pubeurope.com\/@pt\/115699726657909069","error":""},"_links":{"self":[{"href":"https:\/\/www.europesays.com\/pt\/wp-json\/wp\/v2\/posts\/183779","targetHints":{"allow":["GET"]}}],"collection":[{"href":"https:\/\/www.europesays.com\/pt\/wp-json\/wp\/v2\/posts"}],"about":[{"href":"https:\/\/www.europesays.com\/pt\/wp-json\/wp\/v2\/types\/post"}],"author":[{"embeddable":true,"href":"https:\/\/www.europesays.com\/pt\/wp-json\/wp\/v2\/users\/2"}],"replies":[{"embeddable":true,"href":"https:\/\/www.europesays.com\/pt\/wp-json\/wp\/v2\/comments?post=183779"}],"version-history":[{"count":0,"href":"https:\/\/www.europesays.com\/pt\/wp-json\/wp\/v2\/posts\/183779\/revisions"}],"wp:featuredmedia":[{"embeddable":true,"href":"https:\/\/www.europesays.com\/pt\/wp-json\/wp\/v2\/media\/183780"}],"wp:attachment":[{"href":"https:\/\/www.europesays.com\/pt\/wp-json\/wp\/v2\/media?parent=183779"}],"wp:term":[{"taxonomy":"category","embeddable":true,"href":"https:\/\/www.europesays.com\/pt\/wp-json\/wp\/v2\/categories?post=183779"},{"taxonomy":"post_tag","embeddable":true,"href":"https:\/\/www.europesays.com\/pt\/wp-json\/wp\/v2\/tags?post=183779"}],"curies":[{"name":"wp","href":"https:\/\/api.w.org\/{rel}","templated":true}]}}