{"id":183793,"date":"2025-12-11T07:48:53","date_gmt":"2025-12-11T07:48:53","guid":{"rendered":"https:\/\/www.europesays.com\/pt\/183793\/"},"modified":"2025-12-11T07:48:53","modified_gmt":"2025-12-11T07:48:53","slug":"aviao-militar-russo-cai-perto-de-moscovo-estavam-sete-pessoas-a-bordo","status":"publish","type":"post","link":"https:\/\/www.europesays.com\/pt\/183793\/","title":{"rendered":"Avi\u00e3o militar russo cai perto de Moscovo. Estavam sete pessoas a bordo"},"content":{"rendered":"<p>Um avi\u00e3o militar russo despenhou-se, na manh\u00e3 desta ter\u00e7a-feira, dia 9 de dezembro, com sete pessoas a bordo, avan\u00e7a a Reuters.<\/p>\n<p>O avi\u00e3o, de modelo An-22, caiu na regi\u00e3o de Ivanovo, a nordeste de Moscovo.<\/p>\n<p>&#8220;Durante um voo de teste, ap\u00f3s trabalhos de repara\u00e7\u00e3o, um avi\u00e3o de transporte militar An-22 despenhou-se, e a aeronave caiu numa \u00e1rea desabitada&#8221;, disse o minist\u00e9rio \u00e0s ag\u00eancias de not\u00edcias russas TASS e Ria Novosti.<\/p>\n<p>No local j\u00e1 estar\u00e3o v\u00e1rias equipas de socorro, mas ainda sem indica\u00e7\u00f5es relativas aos tripulantes do aparelho.<\/p>\n<p>At\u00e9 ao momento, as autoridades russas n\u00e3o confirmaram se o incidente est\u00e1 relacionado com a guerra em curso contra a Ucr\u00e2nia.<\/p>\n<p>[Not\u00edcia atualizada \u00e0s 11h46]<\/p>\n","protected":false},"excerpt":{"rendered":"Um avi\u00e3o militar russo despenhou-se, na manh\u00e3 desta ter\u00e7a-feira, dia 9 de dezembro, com sete pessoas a bordo,&hellip;\n","protected":false},"author":2,"featured_media":183794,"comment_status":"","ping_status":"","sticky":false,"template":"","format":"standard","meta":{"footnotes":""},"categories":[50],"tags":[27,28,15,16,14,25,26,21,22,62,12,13,19,20,23,24,17,18,29,30,31,63,64,65],"class_list":{"0":"post-183793","1":"post","2":"type-post","3":"status-publish","4":"format-standard","5":"has-post-thumbnail","7":"category-mundo","8":"tag-breaking-news","9":"tag-breakingnews","10":"tag-featured-news","11":"tag-featurednews","12":"tag-headlines","13":"tag-latest-news","14":"tag-latestnews","15":"tag-main-news","16":"tag-mainnews","17":"tag-mundo","18":"tag-news","19":"tag-noticias","20":"tag-noticias-principais","21":"tag-noticiasprincipais","22":"tag-principais-noticias","23":"tag-principaisnoticias","24":"tag-top-stories","25":"tag-topstories","26":"tag-ultimas","27":"tag-ultimas-noticias","28":"tag-ultimasnoticias","29":"tag-world","30":"tag-world-news","31":"tag-worldnews"},"share_on_mastodon":{"url":"https:\/\/pubeurope.com\/@pt\/115699840685662133","error":""},"_links":{"self":[{"href":"https:\/\/www.europesays.com\/pt\/wp-json\/wp\/v2\/posts\/183793","targetHints":{"allow":["GET"]}}],"collection":[{"href":"https:\/\/www.europesays.com\/pt\/wp-json\/wp\/v2\/posts"}],"about":[{"href":"https:\/\/www.europesays.com\/pt\/wp-json\/wp\/v2\/types\/post"}],"author":[{"embeddable":true,"href":"https:\/\/www.europesays.com\/pt\/wp-json\/wp\/v2\/users\/2"}],"replies":[{"embeddable":true,"href":"https:\/\/www.europesays.com\/pt\/wp-json\/wp\/v2\/comments?post=183793"}],"version-history":[{"count":0,"href":"https:\/\/www.europesays.com\/pt\/wp-json\/wp\/v2\/posts\/183793\/revisions"}],"wp:featuredmedia":[{"embeddable":true,"href":"https:\/\/www.europesays.com\/pt\/wp-json\/wp\/v2\/media\/183794"}],"wp:attachment":[{"href":"https:\/\/www.europesays.com\/pt\/wp-json\/wp\/v2\/media?parent=183793"}],"wp:term":[{"taxonomy":"category","embeddable":true,"href":"https:\/\/www.europesays.com\/pt\/wp-json\/wp\/v2\/categories?post=183793"},{"taxonomy":"post_tag","embeddable":true,"href":"https:\/\/www.europesays.com\/pt\/wp-json\/wp\/v2\/tags?post=183793"}],"curies":[{"name":"wp","href":"https:\/\/api.w.org\/{rel}","templated":true}]}}