{"id":183802,"date":"2025-12-11T08:03:27","date_gmt":"2025-12-11T08:03:27","guid":{"rendered":"https:\/\/www.europesays.com\/pt\/183802\/"},"modified":"2025-12-11T08:03:27","modified_gmt":"2025-12-11T08:03:27","slug":"polonia-avalia-aquisicao-simbolica-por-um-dolar-de-250-veiculos-blindados-stryker-dos-eua","status":"publish","type":"post","link":"https:\/\/www.europesays.com\/pt\/183802\/","title":{"rendered":"Pol\u00f3nia avalia aquisi\u00e7\u00e3o simb\u00f3lica por um d\u00f3lar de 250 ve\u00edculos blindados Stryker dos EUA"},"content":{"rendered":"<p>Vars\u00f3via est\u00e1 a considerar a compra de cerca de 250 ve\u00edculos blindados de combate Stryker, dos Estados Unidos, por um valor simb\u00f3lico de apenas 1 d\u00f3lar, no contexto de uma das maiores expans\u00f5es do ex\u00e9rcito polaco das \u00faltimas d\u00e9cadas. A proposta surge \u00e0 medida que Washington reestrutura e reduz a sua presen\u00e7a militar na Europa, libertando centenas destes ve\u00edculos para transfer\u00eancia a aliados.<\/p>\n<p>O ministro da Defesa polaco, Wladyslaw Kosiniak-Kamysz, explicou que \u201cos EUA propuseram entregar os ve\u00edculos \u00e0 Pol\u00f3nia em vez de os repatriar, o que representa uma oportunidade estrat\u00e9gica para refor\u00e7ar rapidamente as nossas for\u00e7as\u201d. A proposta faz parte do programa de Artigos de Defesa Excedentes (EDA), que permite aos EUA cederem equipamentos militares excedentes a custo reduzido ou nulo.<\/p>\n<p>O Minist\u00e9rio da Defesa da Pol\u00f3nia indicou que as For\u00e7as Armadas est\u00e3o a inspecionar as condi\u00e7\u00f5es t\u00e9cnicas dos Strykers e a avaliar a sua adequa\u00e7\u00e3o para treino e uso operacional. As autoridades afirmam que a transfer\u00eancia n\u00e3o afetaria as aquisi\u00e7\u00f5es j\u00e1 planeadas, mas permitiria repor equipamentos de forma mais r\u00e1pida e econ\u00f3mica.<\/p>\n<p>Os ve\u00edculos Stryker, de oito rodas, acomodam uma tripula\u00e7\u00e3o de dois militares e nove soldados de infantaria. Utilizados pelo Ex\u00e9rcito dos EUA h\u00e1 duas d\u00e9cadas, participaram em opera\u00e7\u00f5es no Iraque e no Afeganist\u00e3o. A sua for\u00e7a reside na mobilidade, design modular e capacidade de transporte r\u00e1pido, incluindo transporte a\u00e9reo por aeronaves C-130, facilitando o deslocamento de tropas e equipamentos.<\/p>\n<p>Desde o in\u00edcio da invas\u00e3o russa da Ucr\u00e2nia em 2022, centenas de Strykers foram fornecidos \u00e0s for\u00e7as ucranianas, sendo usados para transporte, reconhecimento e evacua\u00e7\u00e3o de feridos em combates intensos. A vers\u00e3o exata dos ve\u00edculos a serem transferidos para a Pol\u00f3nia ainda n\u00e3o foi confirmada.<\/p>\n<p>A proposta gerou debate entre especialistas militares polacos, que alertaram que a introdu\u00e7\u00e3o dos Strykers, cujas capacidades se equiparam aos ve\u00edculos KTO Rosomak de fabrico nacional, pode afetar o desenvolvimento da ind\u00fastria de armamento interna. No entanto, a cria\u00e7\u00e3o de duas novas divis\u00f5es motorizadas no Ex\u00e9rcito local criou uma procura de ve\u00edculos de combate que os atuais fornecedores nacionais n\u00e3o conseguem satisfazer.<\/p>\n<p>Kosiniak-Kamysz destacou \u00e0 \u2018Polish Radio\u2019 que \u201co ex\u00e9rcito polaco continua a crescer, novas unidades est\u00e3o a ser formadas e o n\u00famero de soldados aumenta, o que eleva a necessidade de equipamento e armamento\u201d. O crescimento militar polaco ocorre num contexto de crescentes amea\u00e7as \u00e0 seguran\u00e7a provenientes da R\u00fassia, especialmente ap\u00f3s a invas\u00e3o da Ucr\u00e2nia e devido \u00e0 proximidade do enclave russo de Kaliningrado.<\/p>\n<p>Vars\u00f3via \u00e9 o pa\u00eds da NATO que mais gasta em defesa em rela\u00e7\u00e3o ao PIB, uma pol\u00edtica que lhe tem valido elogios regulares de Washington. A eventual aquisi\u00e7\u00e3o dos Strykers representaria um refor\u00e7o significativo para a capacidade operacional das for\u00e7as polacas, acelerando a moderniza\u00e7\u00e3o do Ex\u00e9rcito.<\/p>\n","protected":false},"excerpt":{"rendered":"Vars\u00f3via est\u00e1 a considerar a compra de cerca de 250 ve\u00edculos blindados de combate Stryker, dos Estados Unidos,&hellip;\n","protected":false},"author":2,"featured_media":183803,"comment_status":"","ping_status":"","sticky":false,"template":"","format":"standard","meta":{"footnotes":""},"categories":[50],"tags":[27,28,15,16,14,25,26,21,22,62,12,13,19,20,23,24,17,18,29,30,31,63,64,65],"class_list":{"0":"post-183802","1":"post","2":"type-post","3":"status-publish","4":"format-standard","5":"has-post-thumbnail","7":"category-mundo","8":"tag-breaking-news","9":"tag-breakingnews","10":"tag-featured-news","11":"tag-featurednews","12":"tag-headlines","13":"tag-latest-news","14":"tag-latestnews","15":"tag-main-news","16":"tag-mainnews","17":"tag-mundo","18":"tag-news","19":"tag-noticias","20":"tag-noticias-principais","21":"tag-noticiasprincipais","22":"tag-principais-noticias","23":"tag-principaisnoticias","24":"tag-top-stories","25":"tag-topstories","26":"tag-ultimas","27":"tag-ultimas-noticias","28":"tag-ultimasnoticias","29":"tag-world","30":"tag-world-news","31":"tag-worldnews"},"share_on_mastodon":{"url":"https:\/\/pubeurope.com\/@pt\/115699895758394419","error":""},"_links":{"self":[{"href":"https:\/\/www.europesays.com\/pt\/wp-json\/wp\/v2\/posts\/183802","targetHints":{"allow":["GET"]}}],"collection":[{"href":"https:\/\/www.europesays.com\/pt\/wp-json\/wp\/v2\/posts"}],"about":[{"href":"https:\/\/www.europesays.com\/pt\/wp-json\/wp\/v2\/types\/post"}],"author":[{"embeddable":true,"href":"https:\/\/www.europesays.com\/pt\/wp-json\/wp\/v2\/users\/2"}],"replies":[{"embeddable":true,"href":"https:\/\/www.europesays.com\/pt\/wp-json\/wp\/v2\/comments?post=183802"}],"version-history":[{"count":0,"href":"https:\/\/www.europesays.com\/pt\/wp-json\/wp\/v2\/posts\/183802\/revisions"}],"wp:featuredmedia":[{"embeddable":true,"href":"https:\/\/www.europesays.com\/pt\/wp-json\/wp\/v2\/media\/183803"}],"wp:attachment":[{"href":"https:\/\/www.europesays.com\/pt\/wp-json\/wp\/v2\/media?parent=183802"}],"wp:term":[{"taxonomy":"category","embeddable":true,"href":"https:\/\/www.europesays.com\/pt\/wp-json\/wp\/v2\/categories?post=183802"},{"taxonomy":"post_tag","embeddable":true,"href":"https:\/\/www.europesays.com\/pt\/wp-json\/wp\/v2\/tags?post=183802"}],"curies":[{"name":"wp","href":"https:\/\/api.w.org\/{rel}","templated":true}]}}