{"id":183806,"date":"2025-12-11T08:12:08","date_gmt":"2025-12-11T08:12:08","guid":{"rendered":"https:\/\/www.europesays.com\/pt\/183806\/"},"modified":"2025-12-11T08:12:08","modified_gmt":"2025-12-11T08:12:08","slug":"rodrigo-conceicao-e-reforco-do-tondela-ate-2027","status":"publish","type":"post","link":"https:\/\/www.europesays.com\/pt\/183806\/","title":{"rendered":"Rodrigo Concei\u00e7\u00e3o \u00e9 refor\u00e7o do Tondela at\u00e9 2027"},"content":{"rendered":"<p>O futebolista portugu\u00eas Rodrigo Concei\u00e7\u00e3o est\u00e1 de regresso a Portugal e \u00e9 refor\u00e7o do Tondela, confirmou o Maisfutebol junto de fonte pr\u00f3xima do processo.<\/p>\n<p>O lateral-direito de 25 anos j\u00e1 fez exames m\u00e9dicos e assina contrato por uma \u00e9poca e meia, at\u00e9 2027, apurou o nosso jornal. A oficializa\u00e7\u00e3o est\u00e1 por horas e tudo deve ficar fechado esta quinta-feira.<\/p>\n<p>Rodrigo Concei\u00e7\u00e3o estava sem clube desde o final da \u00e9poca passada, 2024\/25, depois de ter jogado pelo Zurique, da Su\u00ed\u00e7a, durante duas temporadas. Nos helv\u00e9ticos, fez 57 jogos, um golo e duas assist\u00eancias.<\/p>\n<p>O filho do treinador S\u00e9rgio Concei\u00e7\u00e3o e irm\u00e3o de Francisco, Mois\u00e9s, S\u00e9rgio e Jos\u00e9, regressa a Portugal dois anos depois de ter sa\u00eddo do FC Porto, onde jogou na equipa principal e na B. Passou ainda pelo Moreirense, depois de ter feito grande parte da forma\u00e7\u00e3o no Benfica, onde foi dos sub-15 at\u00e9 \u00e0 equipa B.<\/p>\n<p>Bebeto e Tiago Manso t\u00eam sido as op\u00e7\u00f5es no lado direito da defesa do Tondela e o treinador Cristiano Bacci ganha mais uma op\u00e7\u00e3o para essa posi\u00e7\u00e3o.<\/p>\n<p>Os beir\u00f5es, que ocupam a 16.\u00aa e antepen\u00faltima posi\u00e7\u00e3o (de play-off) com nove pontos, preparam a visita ao Nacional, da 14.\u00aa jornada da Liga (s\u00e1bado, 15h30).<\/p>\n<p><strong>LEIA MAIS:\u00a0<a href=\"https:\/\/maisfutebol.iol.pt\/cronologia\/6373897a0cf2254fb2824fe4\" target=\"_blank\" wbo-id=\"179\" rel=\"nofollow noopener\">tudo sobre o mercado de transfer\u00eancias<\/a><\/strong><\/p>\n","protected":false},"excerpt":{"rendered":"O futebolista portugu\u00eas Rodrigo Concei\u00e7\u00e3o est\u00e1 de regresso a Portugal e \u00e9 refor\u00e7o do Tondela, confirmou o Maisfutebol&hellip;\n","protected":false},"author":2,"featured_media":183807,"comment_status":"","ping_status":"","sticky":false,"template":"","format":"standard","meta":{"footnotes":""},"categories":[87],"tags":[24812,135,36,46,42,41,32,33,47,37446,37447,5540,134,8136,35],"class_list":{"0":"post-183806","1":"post","2":"type-post","3":"status-publish","4":"format-standard","5":"has-post-thumbnail","7":"category-desporto","8":"tag-conceicao","9":"tag-desporto","10":"tag-liga","11":"tag-maisfutebol","12":"tag-mercado","13":"tag-mercado-de-transferencias","14":"tag-portugal","15":"tag-pt","16":"tag-pura-paixao","17":"tag-rodrigo-conceicao","18":"tag-rodrigo-conceicao-tondela","19":"tag-sergio-conceicao","20":"tag-sports","21":"tag-tondela","22":"tag-transferencias"},"share_on_mastodon":{"url":"https:\/\/pubeurope.com\/@pt\/115699931226494843","error":""},"_links":{"self":[{"href":"https:\/\/www.europesays.com\/pt\/wp-json\/wp\/v2\/posts\/183806","targetHints":{"allow":["GET"]}}],"collection":[{"href":"https:\/\/www.europesays.com\/pt\/wp-json\/wp\/v2\/posts"}],"about":[{"href":"https:\/\/www.europesays.com\/pt\/wp-json\/wp\/v2\/types\/post"}],"author":[{"embeddable":true,"href":"https:\/\/www.europesays.com\/pt\/wp-json\/wp\/v2\/users\/2"}],"replies":[{"embeddable":true,"href":"https:\/\/www.europesays.com\/pt\/wp-json\/wp\/v2\/comments?post=183806"}],"version-history":[{"count":0,"href":"https:\/\/www.europesays.com\/pt\/wp-json\/wp\/v2\/posts\/183806\/revisions"}],"wp:featuredmedia":[{"embeddable":true,"href":"https:\/\/www.europesays.com\/pt\/wp-json\/wp\/v2\/media\/183807"}],"wp:attachment":[{"href":"https:\/\/www.europesays.com\/pt\/wp-json\/wp\/v2\/media?parent=183806"}],"wp:term":[{"taxonomy":"category","embeddable":true,"href":"https:\/\/www.europesays.com\/pt\/wp-json\/wp\/v2\/categories?post=183806"},{"taxonomy":"post_tag","embeddable":true,"href":"https:\/\/www.europesays.com\/pt\/wp-json\/wp\/v2\/tags?post=183806"}],"curies":[{"name":"wp","href":"https:\/\/api.w.org\/{rel}","templated":true}]}}