{"id":183810,"date":"2025-12-11T08:19:29","date_gmt":"2025-12-11T08:19:29","guid":{"rendered":"https:\/\/www.europesays.com\/pt\/183810\/"},"modified":"2025-12-11T08:19:29","modified_gmt":"2025-12-11T08:19:29","slug":"um-morto-e-quatro-feridos-em-choque-entre-tres-carros-em-sines-jornal-de-noticias","status":"publish","type":"post","link":"https:\/\/www.europesays.com\/pt\/183810\/","title":{"rendered":"Um morto e quatro feridos em choque entre tr\u00eas carros em Sines &#8211; Jornal de Not\u00edcias"},"content":{"rendered":"<ol>\n<li><a href=\"https:\/\/news.google.com\/rss\/articles\/CBMiowFBVV95cUxQZDE2SmNsbmJRV0EyZzlKTmJRNnI5elBqR0s3N3EzeVNOZEhkd2VyNWp5eEdIVFhpVDQ5Nkl3NlZpdVpxNUo1OFhrZjFrcDI0V1NfbXc5U0ZGY2xabndKcWpVbzN4eW5pWWRMX3BkN005OXlqLW5WUVEzWVp0VkZkT3FoZUhSbXZsS3ZIT1B6V3RVeU90ckNmYlJZZUdMMXIzeTFJ0gGYAUFVX3lxTE03cHU4cnBtUG1seFg1UDl4UEI1U0JfeGljOTZQa2Zya0ZkTjZrMW53ZGtLNTZMYXpmZkJRUlVMelpjdHc4TU1JT2U0b0F6SFg3TVo3WUd5WXZlU05tTnBQN0hOckFaQXF4enBYaEhtUGltOGc3cElBNFNFLUdNSFliSkNNRlBlQkU3SVFiOFhuc0xrY1pLcHd6?oc=5\" target=\"_blank\" rel=\"nofollow noopener\">Um morto e quatro feridos em choque entre tr\u00eas carros em Sines<\/a>&nbsp;&nbsp;Jornal de Not\u00edcias<\/li>\n<li><a href=\"https:\/\/news.google.com\/rss\/articles\/CBMipAFBVV95cUxNSnZKbzUzbGVuYXFaWmxTb21KR1FPaC1MbGhSdDBNZ2tUZzRDSzZZQzA1X0NxR21HUkpER2xVckZ0UTNNSUN3ZjNvU0JINllES29pcUlHNS0tUG1Yb0JNdUwtdmdnNkplLVZ3V3NadnpNaU9EOS1KWDNkTTdRS2pFRUdkc2xNT0lWOXdkRnFGbXR0MzlVS2pGUjFNZVJEUEdIcFlPbQ?oc=5\" target=\"_blank\" rel=\"nofollow noopener\">Um morto e cinco feridos em colis\u00e3o rodovi\u00e1ria na zona de Porto Covo<\/a>&nbsp;&nbsp;Observador<\/li>\n<li><a href=\"https:\/\/news.google.com\/rss\/articles\/CBMiqgFBVV95cUxObENaY1Y4bXRqdnZVSUpnWTJyMUdRNWM1X1BpTS1PdEx1OTEtaVZpUndKQklQM1ZtT2ZiTDgzT0RNd3FGTzZiYV9UZDlGUjJiRWNXYnpudGdGVzNlUEF5QzFjekNhVDJEMVVTcy1lRHdRTXNxbDZGWGgxZFhXY1NGX2VNaWJjR3hNMzBCbW5DRTdDY0VmejBuY3JzSnh2Mmp4R2gya01qX25OQQ?oc=5\" target=\"_blank\" rel=\"nofollow noopener\">Colis\u00e3o na EM554 entre Porto Covo e Sines faz uma v\u00edtima mortal e cinco feridos<\/a>&nbsp;&nbsp;R\u00e1dio Castrense<\/li>\n<li><a href=\"https:\/\/news.google.com\/rss\/articles\/CBMinAFBVV95cUxPXzJJOXFYMTI4S1hjMzExbGxKQnRBY1M2MGNMTHJ3RnVXRlNDd21ET2hrMTl2bkV1M0lwYXdlRWxRVk1sWEZSVE5KdDNzZzdQcXVVVjYxNlRucEZ3eE45MEtsVjNXWkpRT09MZnNzWWpwQlp6QXdfeWZiN2Z4dm1MckNBSTNSSWY3ak1LYkdHdGpkc3QwYkdrZzhRSDA?oc=5\" target=\"_blank\" rel=\"nofollow noopener\">Tr\u00e2nsito retomado em Porto Covo ap\u00f3s colis\u00e3o com um morto e cinco feridos<\/a>&nbsp;&nbsp;cmjornal.pt<\/li>\n<li><a href=\"https:\/\/news.google.com\/rss\/articles\/CBMipAFBVV95cUxNejFOdVFEY3dYZEJPenl2RHpxbXVzLXYzRjBYX3JLMVZXZ0JqQ1kzaEtBXzgzMnJQOV9QWmZRSC1HSE81dW1icm15YXl3dGlXYndyUnJVZjczcEJONWJISkQ0TWZzdk1LSkticFlCQUcxZzFwWC10aFU3NThYcVBWLW1DMTBfd0NwdXU4d3RpYWlMcXkxRWhTU2gzUGlOX3NQbElUeA?oc=5\" target=\"_blank\" rel=\"nofollow noopener\">Colis\u00e3o provoca um morto e cinco feridos em Porto Covo<\/a>&nbsp;&nbsp;SAPO<\/li>\n<\/ol>\n","protected":false},"excerpt":{"rendered":"Um morto e quatro feridos em choque entre tr\u00eas carros em Sines&nbsp;&nbsp;Jornal de Not\u00edcias Um morto e cinco&hellip;\n","protected":false},"author":2,"featured_media":183701,"comment_status":"","ping_status":"","sticky":false,"template":"","format":"standard","meta":{"footnotes":""},"categories":[10],"tags":[27,28,15,16,14,25,26,21,22,12,13,19,20,32,23,24,33,17,18,29,30,31],"class_list":{"0":"post-183810","1":"post","2":"type-post","3":"status-publish","4":"format-standard","5":"has-post-thumbnail","7":"category-portugal","8":"tag-breaking-news","9":"tag-breakingnews","10":"tag-featured-news","11":"tag-featurednews","12":"tag-headlines","13":"tag-latest-news","14":"tag-latestnews","15":"tag-main-news","16":"tag-mainnews","17":"tag-news","18":"tag-noticias","19":"tag-noticias-principais","20":"tag-noticiasprincipais","21":"tag-portugal","22":"tag-principais-noticias","23":"tag-principaisnoticias","24":"tag-pt","25":"tag-top-stories","26":"tag-topstories","27":"tag-ultimas","28":"tag-ultimas-noticias","29":"tag-ultimasnoticias"},"share_on_mastodon":{"url":"https:\/\/pubeurope.com\/@pt\/115699958754763533","error":""},"_links":{"self":[{"href":"https:\/\/www.europesays.com\/pt\/wp-json\/wp\/v2\/posts\/183810","targetHints":{"allow":["GET"]}}],"collection":[{"href":"https:\/\/www.europesays.com\/pt\/wp-json\/wp\/v2\/posts"}],"about":[{"href":"https:\/\/www.europesays.com\/pt\/wp-json\/wp\/v2\/types\/post"}],"author":[{"embeddable":true,"href":"https:\/\/www.europesays.com\/pt\/wp-json\/wp\/v2\/users\/2"}],"replies":[{"embeddable":true,"href":"https:\/\/www.europesays.com\/pt\/wp-json\/wp\/v2\/comments?post=183810"}],"version-history":[{"count":0,"href":"https:\/\/www.europesays.com\/pt\/wp-json\/wp\/v2\/posts\/183810\/revisions"}],"wp:featuredmedia":[{"embeddable":true,"href":"https:\/\/www.europesays.com\/pt\/wp-json\/wp\/v2\/media\/183701"}],"wp:attachment":[{"href":"https:\/\/www.europesays.com\/pt\/wp-json\/wp\/v2\/media?parent=183810"}],"wp:term":[{"taxonomy":"category","embeddable":true,"href":"https:\/\/www.europesays.com\/pt\/wp-json\/wp\/v2\/categories?post=183810"},{"taxonomy":"post_tag","embeddable":true,"href":"https:\/\/www.europesays.com\/pt\/wp-json\/wp\/v2\/tags?post=183810"}],"curies":[{"name":"wp","href":"https:\/\/api.w.org\/{rel}","templated":true}]}}