{"id":183811,"date":"2025-12-11T08:20:21","date_gmt":"2025-12-11T08:20:21","guid":{"rendered":"https:\/\/www.europesays.com\/pt\/183811\/"},"modified":"2025-12-11T08:20:21","modified_gmt":"2025-12-11T08:20:21","slug":"maria-corina-machado-tera-saido-da-venezuela-de-barco","status":"publish","type":"post","link":"https:\/\/www.europesays.com\/pt\/183811\/","title":{"rendered":"Mar\u00eda Corina Machado ter\u00e1 sa\u00eddo da Venezuela de barco"},"content":{"rendered":"<p data-remotead-prev-elm=\"true\" data-remotead-elm-id=\"inread\">Segundo o jornal, que cita fontes do Governo norte-americano, Mar\u00eda Corina Machado viajou secretamente para a ilha das Cara\u00edbas, situada a menos de 80 quil\u00f3metros da costa venezuelana.<\/p>\n<p>A opositora venezuelana n\u00e3o chegou a tempo de participar na cerim\u00f3nia realizada esta quarta-feira na capital norueguesa e acabou por ser a sua filha, Ana Corina Sosa, a receber o galard\u00e3o e a ler o seu discurso, embora tenha confirmado que estaria em Oslo nas pr\u00f3ximas horas.<\/p>\n<p>O Instituto Nobel informou, esta quarta-feira \u00e0 tarde, que a l\u00edder da oposi\u00e7\u00e3o venezuelana tamb\u00e9m n\u00e3o participar\u00e1 nos restantes eventos desta quarta-feira, incluindo o banquete de gala.<\/p>\n<p data-remotead-prev-elm=\"true\" data-remotead-elm-id=\"centro1\">&#8220;Machado n\u00e3o comparecer\u00e1 nem \u00e0 prociss\u00e3o das tochas, nem ao banquete do Nobel. N\u00e3o sabemos quando chegar\u00e1 a Oslo, apenas que vir\u00e1&#8221;, disse o porta-voz do Instituto Nobel, Erik Aasheim.<\/p>\n<p>Segundo o &#8220;The Wall Street Journal&#8221;, a viagem para tentar chegar a Oslo pode obrigar Mar\u00eda Corina Machado a exilar-se, depois de ter passado grande parte do \u00faltimo ano escondida na Venezuela para evitar ser presa pelo Governo do presidente Nicol\u00e1s Maduro.<\/p>\n<p>A l\u00edder opositora expressou, no entanto, a sua inten\u00e7\u00e3o de regressar &#8220;muito em breve&#8221; ao seu pa\u00eds ap\u00f3s a sua passagem por Oslo.<\/p>\n<p data-remotead-prev-elm=\"true\" data-remotead-elm-id=\"centro2\">&#8220;Abrimos as portas das pris\u00f5es e veremos sair ao sol milhares de inocentes que foram injustamente encarcerados&#8221;, disse Ana Corina Sosa na C\u00e2mara Municipal de Oslo, onde decorreu a cerim\u00f3nia de entrega do Nobel da Paz, depois de afirmar que &#8220;em poucas horas&#8221; poderia abra\u00e7ar a sua m\u00e3e ap\u00f3s dois anos.<\/p>\n<p>A tradicional prociss\u00e3o das tochas organizada ap\u00f3s a cerim\u00f3nia percorre o centro de Oslo at\u00e9 terminar em frente ao hotel onde o laureado est\u00e1 hospedado, que costuma sair para saudar da varanda e proferir algumas palavras.<\/p>\n<p>O Conselho da Paz, que re\u00fane cerca de 20 organiza\u00e7\u00f5es, recusou-se este ano a organizar o tradicional desfile devido ao seu desacordo com a escolha da venezuelana como Pr\u00e9mio Nobel da Paz, mas a organiza\u00e7\u00e3o Norwegian Venezuelan Justice Alliance ir\u00e1 faz\u00ea-lo.<\/p>\n","protected":false},"excerpt":{"rendered":"Segundo o jornal, que cita fontes do Governo norte-americano, Mar\u00eda Corina Machado viajou secretamente para a ilha das&hellip;\n","protected":false},"author":2,"featured_media":183812,"comment_status":"","ping_status":"","sticky":false,"template":"","format":"standard","meta":{"footnotes":""},"categories":[8],"tags":[27,28,15,16,14,25,26,21,22,29493,62,12,24802,13,19,20,21229,32,23,24,33,17,18,29,30,31,3023],"class_list":{"0":"post-183811","1":"post","2":"type-post","3":"status-publish","4":"format-standard","5":"has-post-thumbnail","7":"category-principais-noticias","8":"tag-breaking-news","9":"tag-breakingnews","10":"tag-featured-news","11":"tag-featurednews","12":"tag-headlines","13":"tag-latest-news","14":"tag-latestnews","15":"tag-main-news","16":"tag-mainnews","17":"tag-maria-corina-machado","18":"tag-mundo","19":"tag-news","20":"tag-nobel-da-paz","21":"tag-noticias","22":"tag-noticias-principais","23":"tag-noticiasprincipais","24":"tag-oslo","25":"tag-portugal","26":"tag-principais-noticias","27":"tag-principaisnoticias","28":"tag-pt","29":"tag-top-stories","30":"tag-topstories","31":"tag-ultimas","32":"tag-ultimas-noticias","33":"tag-ultimasnoticias","34":"tag-venezuela"},"share_on_mastodon":{"url":"https:\/\/pubeurope.com\/@pt\/115699962741328556","error":""},"_links":{"self":[{"href":"https:\/\/www.europesays.com\/pt\/wp-json\/wp\/v2\/posts\/183811","targetHints":{"allow":["GET"]}}],"collection":[{"href":"https:\/\/www.europesays.com\/pt\/wp-json\/wp\/v2\/posts"}],"about":[{"href":"https:\/\/www.europesays.com\/pt\/wp-json\/wp\/v2\/types\/post"}],"author":[{"embeddable":true,"href":"https:\/\/www.europesays.com\/pt\/wp-json\/wp\/v2\/users\/2"}],"replies":[{"embeddable":true,"href":"https:\/\/www.europesays.com\/pt\/wp-json\/wp\/v2\/comments?post=183811"}],"version-history":[{"count":0,"href":"https:\/\/www.europesays.com\/pt\/wp-json\/wp\/v2\/posts\/183811\/revisions"}],"wp:featuredmedia":[{"embeddable":true,"href":"https:\/\/www.europesays.com\/pt\/wp-json\/wp\/v2\/media\/183812"}],"wp:attachment":[{"href":"https:\/\/www.europesays.com\/pt\/wp-json\/wp\/v2\/media?parent=183811"}],"wp:term":[{"taxonomy":"category","embeddable":true,"href":"https:\/\/www.europesays.com\/pt\/wp-json\/wp\/v2\/categories?post=183811"},{"taxonomy":"post_tag","embeddable":true,"href":"https:\/\/www.europesays.com\/pt\/wp-json\/wp\/v2\/tags?post=183811"}],"curies":[{"name":"wp","href":"https:\/\/api.w.org\/{rel}","templated":true}]}}