{"id":183813,"date":"2025-12-11T08:21:21","date_gmt":"2025-12-11T08:21:21","guid":{"rendered":"https:\/\/www.europesays.com\/pt\/183813\/"},"modified":"2025-12-11T08:21:21","modified_gmt":"2025-12-11T08:21:21","slug":"mafalda-castro-revela-por-que-deixou-a-tvi-ja-nao-havia-um","status":"publish","type":"post","link":"https:\/\/www.europesays.com\/pt\/183813\/","title":{"rendered":"Mafalda Castro &#8211; Revela por que deixou a TVI: &#8220;J\u00e1 n\u00e3o havia um&#8230;&#8221;"},"content":{"rendered":"<p><strong>Mafalda Castro <\/strong>voltou a falar abertamente sobre a sua sa\u00edda da TVI, apos a sua <a href=\"https:\/\/www.novagente.pt\/mafalda-castro-abre-jogo-sobre-afastamento-da-tvi-nao-sabia-que\" rel=\"nofollow noopener\" target=\"_blank\">entrevista \u00e0 NOVA GENTE<\/a>,\u00a0e sobre a mudan\u00e7a de rumo profissional que marcou os \u00faltimos meses. Desta vez, em conversa com a\u00a0<a href=\"http:\/\/tv7dias.pt\" rel=\"nofollow noopener\" target=\"_blank\">TV 7 Dias<\/a>, a comunicadora explicou que a decis\u00e3o de abrandar o ritmo veio de uma necessidade de recuperar equil\u00edbrio na sua vida.<\/p>\n<p>A apresentadora come\u00e7ou por esclarecer que o excesso de responsabilidades pesou na escolha: \u201c<strong>Tenho muito trabalho no digital e j\u00e1 n\u00e3o estava a conseguir conciliar tudo. Televis\u00e3o, r\u00e1dio, digital, j\u00e1 estava a ser muito dif\u00edcil. Havia sempre uma que ficava para tr\u00e1s\u201c.<\/strong>\u00a0<\/p>\n<p>Quando questionada sobre se o mesmo motivo pelo qual deixou a r\u00e1dio,\u00a0tinha sido o mesmo que a tinha afastado da televis\u00e3o, Mafalda foi clara ao afirmar que a situa\u00e7\u00e3o era diferente. <strong>\u201cN\u00e3o. J\u00e1 n\u00e3o havia um projeto sem ser reality show. Houve ali uma altura em que esse projeto tamb\u00e9m deixou de haver para mim, portanto n\u00e3o fazia sentido continuar.\u201d <\/strong>Ainda assim, n\u00e3o deixa de acompanhar o formato que a tornou popular: \u201c<strong>Este s\u00f3 vejo as pol\u00e9micas. Acho que quando uma pessoa vive por dentro, tanto tempo tudo, faz bem \u00e0s vezes ter um descanso, mesmo de ver, porque nunca d\u00e1 para desligar o chip. Agora n\u00e3o estou a ver muito. Vi o de ver\u00e3o, da Maria Botelho Moniz, que foi incr\u00edvel.\u201d<\/strong><\/p>\n<p>Apesar do afastamento, Mafalda garante que continua apaixonada pelo pequeno ecr\u00e3 e que est\u00e1 dispon\u00edvel para regressar quando surgir a oportunidade certa.<strong> \u201cSim, \u00e9 sempre bom. Eu adoro mesmo fazer televis\u00e3o, portanto quando me quiserem eu farei televis\u00e3o, mas a verdade \u00e9 que este projeto j\u00e1 fiz durante muito tempo.\u201d<\/strong><\/p>\n<p>Sobre o impacto emocional de deixar a rotina di\u00e1ria da TVI, a apresentadora confessa que sentiu a mudan\u00e7a:<strong> \u201cN\u00e3o fiquei triste. Fiquei meio com saudades logo, porque era a equipa com que estava todos os dias, \u00e9 o h\u00e1bito, mas triste n\u00e3o fiquei. Sei que faz parte.\u201d<\/strong><\/p>\n<p>Texto: Tiago Miguel Sim\u00f5es; Fotos: Impala\u00a0<\/p>\n<p class=\"intagram-text\">Siga a Nova Gente no Instagram<\/p>\n<p>                        <a href=\"https:\/\/www.instagram.com\/revistanovagente\/\" target=\"_blank\" aria-label=\"instagram\" rel=\"noopener nofollow\"><img decoding=\"async\" style=\"display: block; margin-left: auto; margin-right: auto; width: 250px; height: 83px;\" src=\"https:\/\/www.europesays.com\/pt\/wp-content\/uploads\/2025\/11\/Instagram_NG.png\" alt=\"instagram\"\/><\/a><br \/>\n                    <script async src=\"\/\/www.instagram.com\/embed.js\"><\/script><\/p>\n","protected":false},"excerpt":{"rendered":"Mafalda Castro voltou a falar abertamente sobre a sua sa\u00edda da TVI, apos a sua entrevista \u00e0 NOVA&hellip;\n","protected":false},"author":2,"featured_media":183814,"comment_status":"","ping_status":"","sticky":false,"template":"","format":"standard","meta":{"footnotes":""},"categories":[145],"tags":[2632,211,210,114,115,1326,32,33,162],"class_list":{"0":"post-183813","1":"post","2":"type-post","3":"status-publish","4":"format-standard","5":"has-post-thumbnail","7":"category-celebridades","8":"tag-casa-dos-segredos","9":"tag-celebridades","10":"tag-celebrities","11":"tag-entertainment","12":"tag-entretenimento","13":"tag-mafalda-castro","14":"tag-portugal","15":"tag-pt","16":"tag-tvi"},"share_on_mastodon":{"url":"https:\/\/pubeurope.com\/@pt\/115699966787834009","error":""},"_links":{"self":[{"href":"https:\/\/www.europesays.com\/pt\/wp-json\/wp\/v2\/posts\/183813","targetHints":{"allow":["GET"]}}],"collection":[{"href":"https:\/\/www.europesays.com\/pt\/wp-json\/wp\/v2\/posts"}],"about":[{"href":"https:\/\/www.europesays.com\/pt\/wp-json\/wp\/v2\/types\/post"}],"author":[{"embeddable":true,"href":"https:\/\/www.europesays.com\/pt\/wp-json\/wp\/v2\/users\/2"}],"replies":[{"embeddable":true,"href":"https:\/\/www.europesays.com\/pt\/wp-json\/wp\/v2\/comments?post=183813"}],"version-history":[{"count":0,"href":"https:\/\/www.europesays.com\/pt\/wp-json\/wp\/v2\/posts\/183813\/revisions"}],"wp:featuredmedia":[{"embeddable":true,"href":"https:\/\/www.europesays.com\/pt\/wp-json\/wp\/v2\/media\/183814"}],"wp:attachment":[{"href":"https:\/\/www.europesays.com\/pt\/wp-json\/wp\/v2\/media?parent=183813"}],"wp:term":[{"taxonomy":"category","embeddable":true,"href":"https:\/\/www.europesays.com\/pt\/wp-json\/wp\/v2\/categories?post=183813"},{"taxonomy":"post_tag","embeddable":true,"href":"https:\/\/www.europesays.com\/pt\/wp-json\/wp\/v2\/tags?post=183813"}],"curies":[{"name":"wp","href":"https:\/\/api.w.org\/{rel}","templated":true}]}}