{"id":183819,"date":"2025-12-11T08:32:08","date_gmt":"2025-12-11T08:32:08","guid":{"rendered":"https:\/\/www.europesays.com\/pt\/183819\/"},"modified":"2025-12-11T08:32:08","modified_gmt":"2025-12-11T08:32:08","slug":"eua-apreendem-petroleiro-na-costa-da-venezuela-observador","status":"publish","type":"post","link":"https:\/\/www.europesays.com\/pt\/183819\/","title":{"rendered":"EUA apreendem petroleiro na costa da Venezuela \u2013 Observador"},"content":{"rendered":"<p>O Presidente norte-americano, Donald Trump, anunciou, esta quarta-feira, que os Estados Unidos da Am\u00e9rica (EUA) apreenderam um navio petroleiro na costa da Venezuela, numa a\u00e7\u00e3o que aumenta a press\u00e3o da Casa Branca ao regime de Maduro.<\/p>\n<p>O v\u00eddeo da tomada do navio foi partilhado pela Procuradora-Geral dos EUA, Pam Bondi, na rede social X, mencionando que foi uma opera\u00e7\u00e3o conjunta entre o FBI, a ag\u00eancia de Investiga\u00e7\u00e3o de Seguran\u00e7a Interna, a Guarda Costeira e o Departamento da Guerra (nome pelo qual \u00e9 conhecido o Departamento de Defesa na Administra\u00e7\u00e3o Trump). Segundo Bondi, estas entidades \u201cexecutaram um mandado de captura contra um petroleiro usado para <strong>transportar petr\u00f3leo sancionado da Venezuela e do Ir\u00e3o<\/strong>\u201c.<\/p>\n<blockquote class=\"twitter-tweet\" data-width=\"500\" data-dnt=\"true\">\n<p lang=\"en\" dir=\"ltr\">Today, the Federal Bureau of Investigation, Homeland Security Investigations, and the United States Coast Guard, with support from the Department of War, executed a seizure warrant for a crude oil tanker used to transport sanctioned oil from Venezuela and Iran. For multiple\u2026 <a href=\"https:\/\/t.co\/dNr0oAGl5x\" rel=\"nofollow\">pic.twitter.com\/dNr0oAGl5x<\/a><\/p>\n<p>\u2014 Attorney General Pamela Bondi (@AGPamBondi) <a href=\"https:\/\/twitter.com\/AGPamBondi\/status\/1998875795151024337?ref_src=twsrc%5Etfw\" rel=\"nofollow noopener\" target=\"_blank\">December 10, 2025<\/a><\/p>\n<\/blockquote>\n<p>Num encontro com l\u00edderes empresariais, o Presidente norte-americano tinha confirmado que o petroleiro era \u201cmuito grande\u201d:<strong> \u201c\u00c9 o maior de sempre a ser apreendido\u201d.<\/strong><\/p>\n<blockquote class=\"twitter-tweet\" data-width=\"500\" data-dnt=\"true\">\n<p lang=\"en\" dir=\"ltr\">Trump: &#8220;It&#8217;s been an interesting day from the standpoint of news. As you probably know, we&#8217;ve just seized a tanker on the coast of Venezuela. Largest one ever seized actually. And other things are happening.&#8221; <a href=\"https:\/\/t.co\/wyOYMKCJTT\" rel=\"nofollow\">pic.twitter.com\/wyOYMKCJTT<\/a><\/p>\n<p>\u2014 Aaron Rupar (@atrupar) <a href=\"https:\/\/twitter.com\/atrupar\/status\/1998846959793099131?ref_src=twsrc%5Etfw\" rel=\"nofollow noopener\" target=\"_blank\">December 10, 2025<\/a><\/p>\n<\/blockquote>\n<p>Sobre a Venezuela, Donald Trump destacou que \u201c<strong>h\u00e1 mais coisas a acontecer<\/strong>\u201d e prometeu que s\u00f3 falar\u00e1 sobre o que se est\u00e1 a passar \u201cmais tarde com outras pessoas\u201d, n\u00e3o especificando o assunto.<\/p>\n<p>O petroleiro capturado \u00e9 conhecido como \u201cThe Skipper\u201d, de acordo com tr\u00eas fontes <a href=\"https:\/\/www.cbsnews.com\/news\/u-s-seized-oil-tanker-off-the-coast-of-venezuela-trump-says\/\" rel=\"nofollow noopener\" target=\"_blank\">citadas pela CBS News.<\/a> As mesmas fontes revelam que a opera\u00e7\u00e3o ocorreu pelas seis da manh\u00e3 (11h00 em Portugal Continental) e envolveu dois helic\u00f3pteros, dez guardas costeiros, dez fuzileiros e militares das for\u00e7as especiais. Os helic\u00f3pteros foram lan\u00e7ados a partir do porta-avi\u00f5es USS Gerald Ford, que os EUA <a href=\"https:\/\/observador.pt\/2025\/10\/24\/eua-aumentam-pressao-sobre-maduro-e-enviam-poderoso-porta-avioes-nuclear-para-as-caraibas\/\" rel=\"nofollow noopener\" target=\"_blank\">enviaram para as Cara\u00edbas no final de outubro<\/a>.<\/p>\n<p>Este petroleiro fora sancionado pelos EUA em 2022 por estar alegadamente ligado \u00e0s Guardas Revolucion\u00e1rias do Ir\u00e3o e ao Hezbollah, sendo anteriormente conhecido por Adisa e Toyo. Segundo a BBC, que cita a empresa de risco mar\u00edtimo Vanguard Tech, a embarca\u00e7\u00e3o tinha sido sancionada pelos EUA por conter exporta\u00e7\u00f5es de petr\u00f3leo da Venezuela.<\/p>\n<p><a href=\"https:\/\/archive.is\/r9kYb#selection-1909.0-1922.0\" rel=\"nofollow noopener\" target=\"_blank\">A not\u00edcia foi inicialmente avan\u00e7ada pela Bloomberg<\/a>, que salientou que \u00e9 uma escalada s\u00e9ria nas tens\u00f5es entre Estados Unidos e Venezuela.\u00a0 O objetivo da administra\u00e7\u00e3o norte-americano poder\u00e1 ser dificultar a exporta\u00e7\u00e3o de petr\u00f3leo da Venezuela, sendo este um dos principais motores da economia venezuelana.<\/p>\n<p>Nicol\u00e1s Maduro, que estava num com\u00edcio quando se conheceram os primeiros relatos sobre o petroleiro, nada disse sobre o sucedido. Contudo, o governo de Caracas emitiu um comunicado em que alega que o\u00a0objetivo de Trump \u201csempre foi confiscar petr\u00f3leo venezuelano sem pagar qualquer compensa\u00e7\u00e3o\u201d e que a \u201cpol\u00edtica de agress\u00e3o\u201d dos EUA contra a Venezuela faz parte de \u201cum plano deliberado para saquear os recursos energ\u00e9ticos\u201d.<\/p>\n<p>\u201cN\u00e3o \u00e9 migra\u00e7\u00e3o. N\u00e3o \u00e9 tr\u00e1fico de droga. N\u00e3o \u00e9 democracia. N\u00e3o s\u00e3o direitos humanos. Sempre foi tudo acerca dos nossos recursos naturais, o nosso petr\u00f3leo\u201d, l\u00ea-se na nota, citada pela BBC.<\/p>\n<p>Os EUA s\u00e3o ainda acusados de \u201cabusos imperialistas\u201d e Caracas apela a todas as institui\u00e7\u00f5es internacionais a \u201cdenunciar este crime internacional grave\u201d e \u201cdefender com determina\u00e7\u00e3o absoluta a sua soberania, os seus recursos naturais, e a sua dignidade nacional\u201d.<\/p>\n<p>J\u00e1 Diosdado Cabello, ministro do Interior, considerou que os EUA eram \u201cassassinos, ladr\u00f5es, piratas\u201d.<\/p>\n<p>            <script async src=\"https:\/\/platform.twitter.com\/widgets.js\" charset=\"utf-8\"><\/script><\/p>\n","protected":false},"excerpt":{"rendered":"O Presidente norte-americano, Donald Trump, anunciou, esta quarta-feira, que os Estados Unidos da Am\u00e9rica (EUA) apreenderam um navio&hellip;\n","protected":false},"author":2,"featured_media":183820,"comment_status":"","ping_status":"","sticky":false,"template":"","format":"standard","meta":{"footnotes":""},"categories":[50],"tags":[624,27,28,623,15,16,14,25,26,21,22,62,12,13,19,20,23,24,17,18,29,30,31,3023,63,64,65],"class_list":{"0":"post-183819","1":"post","2":"type-post","3":"status-publish","4":"format-standard","5":"has-post-thumbnail","7":"category-mundo","8":"tag-amu00e9rica","9":"tag-breaking-news","10":"tag-breakingnews","11":"tag-estados-unidos-da-amu00e9rica","12":"tag-featured-news","13":"tag-featurednews","14":"tag-headlines","15":"tag-latest-news","16":"tag-latestnews","17":"tag-main-news","18":"tag-mainnews","19":"tag-mundo","20":"tag-news","21":"tag-noticias","22":"tag-noticias-principais","23":"tag-noticiasprincipais","24":"tag-principais-noticias","25":"tag-principaisnoticias","26":"tag-top-stories","27":"tag-topstories","28":"tag-ultimas","29":"tag-ultimas-noticias","30":"tag-ultimasnoticias","31":"tag-venezuela","32":"tag-world","33":"tag-world-news","34":"tag-worldnews"},"share_on_mastodon":{"url":"https:\/\/pubeurope.com\/@pt\/115700009823967513","error":""},"_links":{"self":[{"href":"https:\/\/www.europesays.com\/pt\/wp-json\/wp\/v2\/posts\/183819","targetHints":{"allow":["GET"]}}],"collection":[{"href":"https:\/\/www.europesays.com\/pt\/wp-json\/wp\/v2\/posts"}],"about":[{"href":"https:\/\/www.europesays.com\/pt\/wp-json\/wp\/v2\/types\/post"}],"author":[{"embeddable":true,"href":"https:\/\/www.europesays.com\/pt\/wp-json\/wp\/v2\/users\/2"}],"replies":[{"embeddable":true,"href":"https:\/\/www.europesays.com\/pt\/wp-json\/wp\/v2\/comments?post=183819"}],"version-history":[{"count":0,"href":"https:\/\/www.europesays.com\/pt\/wp-json\/wp\/v2\/posts\/183819\/revisions"}],"wp:featuredmedia":[{"embeddable":true,"href":"https:\/\/www.europesays.com\/pt\/wp-json\/wp\/v2\/media\/183820"}],"wp:attachment":[{"href":"https:\/\/www.europesays.com\/pt\/wp-json\/wp\/v2\/media?parent=183819"}],"wp:term":[{"taxonomy":"category","embeddable":true,"href":"https:\/\/www.europesays.com\/pt\/wp-json\/wp\/v2\/categories?post=183819"},{"taxonomy":"post_tag","embeddable":true,"href":"https:\/\/www.europesays.com\/pt\/wp-json\/wp\/v2\/tags?post=183819"}],"curies":[{"name":"wp","href":"https:\/\/api.w.org\/{rel}","templated":true}]}}