{"id":183823,"date":"2025-12-11T08:34:33","date_gmt":"2025-12-11T08:34:33","guid":{"rendered":"https:\/\/www.europesays.com\/pt\/183823\/"},"modified":"2025-12-11T08:34:33","modified_gmt":"2025-12-11T08:34:33","slug":"farioli-tenta-falar-em-portugues-e-diz-que-o-lema-no-f-c-porto-e-juntos-contra-todos","status":"publish","type":"post","link":"https:\/\/www.europesays.com\/pt\/183823\/","title":{"rendered":"Farioli tenta falar em portugu\u00eas e diz que o lema no F. C. Porto \u00e9 &#8220;juntos contra todos&#8221;"},"content":{"rendered":"<p data-remotead-prev-elm=\"true\" data-remotead-elm-id=\"inread\">Na antevis\u00e3o do jogo de quinta-feira com o Malmo, a contar para a sexta jornada da fase regular da Liga Europa, Francesco Farioli reagiu a algumas cr\u00edticas que tem lido ao rendimento da equipa portista, apesar de todas as vit\u00f3rias que tem conseguido, sobretudo no campeonato, e estreou-se a falar portugu\u00eas com uma mensagem clara para os adeptos.<\/p>\n<p>&#8220;Estamos a jogar tantas partidas que, mesmo que fa\u00e7amos tudo para evitar momentos de menor qualidade, isso faz parte do jogo. \u00c9 importante ser reativo, como fomos na segunda parte em Tondela, quando vimos que era o momento de acelerar e encontr\u00e1mos a energia, a atitude e o esp\u00edrito certos para essa din\u00e2mica. O que estes jogadores est\u00e3o a fazer est\u00e1 a tornar-se normal, a sensa\u00e7\u00e3o de que vais para o campo e ganhas o jogo com alguma facilidade&#8230; N\u00e3o \u00e9 verdade&#8221;, afirmou o t\u00e9cnico portista.<\/p>\n<p>&#8220;Vi alguns artigos estes dias que, honestamente, embora me fa\u00e7am pensar, tamb\u00e9m me fazem sorrir. A press\u00e3o do exterior est\u00e1 a\u00ed e \u00e9 claro o desejo de criar ru\u00eddo c\u00e1 dentro. \u00c9 sempre um t\u00f3pico que vejo a partir do exterior. Assim, \u00e9 ainda mais importante para n\u00f3s que haja uni\u00e3o. Para mim, deixem-me tentar em portugu\u00eas. A minha mensagem \u00e0 fam\u00edlia portista \u00e9 muito clara: juntos contra todos&#8221;, acrescentou.<\/p>\n<p data-remotead-prev-elm=\"true\" data-remotead-elm-id=\"centro1\">A les\u00e3o de Luuk de Jong criou um problema no ataque dos drag\u00f5es que pode levar a uma investida no mercado de janeiro e Farioli abriu a porta a poss\u00edveis contrata\u00e7\u00f5es. &#8220;Estamos sempre em contacto com o presidente, n\u00e3o s\u00f3 sobre o mercado, mas sobre todos os t\u00f3picos que surgem. Temos feito reuni\u00f5es com o departamento de observa\u00e7\u00e3o constantemente ao longo da \u00e9poca, para estarmos preparados a partir de 1 de janeiro e para respondermos \u00e0s dificuldades que tivemos, especialmente com as les\u00f5es do Nehu\u00e9n P\u00e9rez e do De Jong. Estamos a avaliar diferentes cen\u00e1rios, diferentes possibilidades e assim ser\u00e1. De certeza que n\u00e3o seremos capazes de cobrir todas as posi\u00e7\u00f5es que queremos, mas seremos criativos e encontraremos as melhores solu\u00e7\u00f5es&#8221;, referiu, aliviado com alguns dias de descanso que a equipa azul e branca vai ter no in\u00edcio de 2026, ap\u00f3s a elimina\u00e7\u00e3o da Ta\u00e7a da Liga e a remarca\u00e7\u00e3o de dois jogos da Liga portuguesa (AVS e Santa Clara).<\/p>\n<p>&#8220;Na realidade, as grandes dificuldades surgem quando os jogos s\u00e3o quinta-feira e domingo. Essas altera\u00e7\u00f5es d\u00e3o-nos mais oxig\u00e9nio para gerir o pr\u00f3ximo jogo e, claro, ter uma semana limpa \u00e9 algo que temos de planear bem. Estamos a preparar um pequeno est\u00e1gio, para integrar jogadores novos, aproximar ainda mais os jogadores, para ter finalmente uma semana onde podemos trabalhar para adicionar algumas coisas. Teremos de ver o calend\u00e1rio e tentar maximizar o que temos&#8221;, sublinhou o treinador italiano, que conta com o apoio dos adeptos para ganhar ao Malmo e chegar aos 13 pontos na Liga Europa.<\/p>\n<p>&#8220;N\u00e3o \u00e9 uma tarefa f\u00e1cil preparar uma partida contra uma equipa que n\u00e3o tem jogado nos \u00faltimos tempos. Eles est\u00e3o num processo de mudan\u00e7a t\u00e9cnica, o novo treinador \u00e9 um bom amigo e tentei tirar alguma informa\u00e7\u00e3o, mas n\u00e3o foi poss\u00edvel&#8230; Temos diferentes planos, diferentes cen\u00e1rios, mas acima de tudo precisamos de concentra\u00e7\u00e3o para um jogo que \u00e9 muito importante no nosso trajeto na Liga Europa. Com o apoio dos nossos adeptos, com um est\u00e1dio cheio de novo, teremos o empurr\u00e3o necess\u00e1rio para uma partida importante como esta&#8221;, destacou.<\/p>\n<p>&#8220;O nosso objetivo \u00e9 sempre ter o maior n\u00famero de pontos poss\u00edvel. Temos a oportunidade de qualifica\u00e7\u00e3o direta, de escapar a dois jogos do playoff, mas vamos passo a passo. Primeiro, queremos fazer os pontos necess\u00e1rios para ficarmos nos primeiros 24 e, depois, se cumprirmos o nosso trabalho, como achamos que vamos fazer, chegar a 15 ou talvez 16 pontos para nos qualificarmos diretamente. Os c\u00e1lculos s\u00e3o claros. Temos tr\u00eas jogos para fazer e agarrar cinco ou seis pontos para cumprirmos o objetivo&#8221;, concluiu<\/p>\n","protected":false},"excerpt":{"rendered":"Na antevis\u00e3o do jogo de quinta-feira com o Malmo, a contar para a sexta jornada da fase regular&hellip;\n","protected":false},"author":2,"featured_media":183824,"comment_status":"","ping_status":"","sticky":false,"template":"","format":"standard","meta":{"footnotes":""},"categories":[8],"tags":[27,28,135,20558,15,16,1011,524,14,25,26,137,21,22,12,13,19,20,32,23,24,33,17,18,29,30,31],"class_list":{"0":"post-183823","1":"post","2":"type-post","3":"status-publish","4":"format-standard","5":"has-post-thumbnail","7":"category-principais-noticias","8":"tag-breaking-news","9":"tag-breakingnews","10":"tag-desporto","11":"tag-f-c-porto","12":"tag-featured-news","13":"tag-featurednews","14":"tag-francesco-farioli","15":"tag-futebol","16":"tag-headlines","17":"tag-latest-news","18":"tag-latestnews","19":"tag-liga-europa","20":"tag-main-news","21":"tag-mainnews","22":"tag-news","23":"tag-noticias","24":"tag-noticias-principais","25":"tag-noticiasprincipais","26":"tag-portugal","27":"tag-principais-noticias","28":"tag-principaisnoticias","29":"tag-pt","30":"tag-top-stories","31":"tag-topstories","32":"tag-ultimas","33":"tag-ultimas-noticias","34":"tag-ultimasnoticias"},"share_on_mastodon":{"url":"https:\/\/pubeurope.com\/@pt\/115700017873935420","error":""},"_links":{"self":[{"href":"https:\/\/www.europesays.com\/pt\/wp-json\/wp\/v2\/posts\/183823","targetHints":{"allow":["GET"]}}],"collection":[{"href":"https:\/\/www.europesays.com\/pt\/wp-json\/wp\/v2\/posts"}],"about":[{"href":"https:\/\/www.europesays.com\/pt\/wp-json\/wp\/v2\/types\/post"}],"author":[{"embeddable":true,"href":"https:\/\/www.europesays.com\/pt\/wp-json\/wp\/v2\/users\/2"}],"replies":[{"embeddable":true,"href":"https:\/\/www.europesays.com\/pt\/wp-json\/wp\/v2\/comments?post=183823"}],"version-history":[{"count":0,"href":"https:\/\/www.europesays.com\/pt\/wp-json\/wp\/v2\/posts\/183823\/revisions"}],"wp:featuredmedia":[{"embeddable":true,"href":"https:\/\/www.europesays.com\/pt\/wp-json\/wp\/v2\/media\/183824"}],"wp:attachment":[{"href":"https:\/\/www.europesays.com\/pt\/wp-json\/wp\/v2\/media?parent=183823"}],"wp:term":[{"taxonomy":"category","embeddable":true,"href":"https:\/\/www.europesays.com\/pt\/wp-json\/wp\/v2\/categories?post=183823"},{"taxonomy":"post_tag","embeddable":true,"href":"https:\/\/www.europesays.com\/pt\/wp-json\/wp\/v2\/tags?post=183823"}],"curies":[{"name":"wp","href":"https:\/\/api.w.org\/{rel}","templated":true}]}}