{"id":183836,"date":"2025-12-11T08:50:14","date_gmt":"2025-12-11T08:50:14","guid":{"rendered":"https:\/\/www.europesays.com\/pt\/183836\/"},"modified":"2025-12-11T08:50:14","modified_gmt":"2025-12-11T08:50:14","slug":"antonio-fagundes-assina-com-a-globo-e-volta-a-emissora-10-12-2025-outro-canal","status":"publish","type":"post","link":"https:\/\/www.europesays.com\/pt\/183836\/","title":{"rendered":"Antonio Fagundes assina com a Globo e volta \u00e0 emissora &#8211; 10\/12\/2025 &#8211; Outro Canal"},"content":{"rendered":"<p>\n<strong class=\"c-signature__location\">Aracaju <\/strong>\n<\/p>\n<p><a href=\"https:\/\/www1.folha.uol.com.br\/folha-topicos\/antonio-fagundes\/\" rel=\"nofollow noopener\" target=\"_blank\">Antonio Fagundes<\/a> mudou de ideia, chegou em um acordo com a <a href=\"https:\/\/www1.folha.uol.com.br\/folha-topicos\/globo\/\" rel=\"nofollow noopener\" target=\"_blank\">Globo<\/a> e assinou contrato com a emissora. O ator est\u00e1 de volta \u00e0 empresa ap\u00f3s seis anos e far\u00e1 &#8220;Quem Ama Cuida&#8221;, pr\u00f3xima <a href=\"https:\/\/www1.folha.uol.com.br\/folha-topicos\/novela\/\" rel=\"nofollow noopener\" target=\"_blank\">novela<\/a> das nove, que estreia em maio de 2026.<\/p>\n<p>  <a href=\"https:\/\/f5.folha.uol.com.br\/colunistas\/outro-canal\/\" rel=\"nofollow noopener\" target=\"_blank\"><br \/>\n    <img decoding=\"async\" src=\"https:\/\/www.europesays.com\/pt\/wp-content\/uploads\/2025\/10\/172599691166e09f6f54fe2_1725996911_1x1_xs.jpg\" alt=\"Foto de Outro Canal\" class=\"img-responsive c-lazyload\"\/><\/p>\n<p>  <\/a><\/p>\n<p class=\"author__description\">\n    Cobre diariamente os bastidores das novelas, do telejornalismo e da m\u00eddia esportiva. Tem como titular o jornalista Gabriel Vaquer\n  <\/p>\n","protected":false},"excerpt":{"rendered":"Aracaju Antonio Fagundes mudou de ideia, chegou em um acordo com a Globo e assinou contrato com a&hellip;\n","protected":false},"author":2,"featured_media":183837,"comment_status":"","ping_status":"","sticky":false,"template":"","format":"standard","meta":{"footnotes":""},"categories":[145],"tags":[14885,219,211,210,223,114,115,224,225,226,753,221,220,222,2931,32,33,2387,218,228,227],"class_list":{"0":"post-183836","1":"post","2":"type-post","3":"status-publish","4":"format-standard","5":"has-post-thumbnail","7":"category-celebridades","8":"tag-antonio-fagundes","9":"tag-bichos","10":"tag-celebridades","11":"tag-celebrities","12":"tag-colunistas","13":"tag-entertainment","14":"tag-entretenimento","15":"tag-estranho","16":"tag-eu-amo","17":"tag-fofices","18":"tag-globo","19":"tag-horoscopo","20":"tag-humanos","21":"tag-humor","22":"tag-novela","23":"tag-portugal","24":"tag-pt","25":"tag-teatro","26":"tag-televisao","27":"tag-tudo","28":"tag-videos"},"share_on_mastodon":{"url":"https:\/\/pubeurope.com\/@pt\/115700080753562609","error":""},"_links":{"self":[{"href":"https:\/\/www.europesays.com\/pt\/wp-json\/wp\/v2\/posts\/183836","targetHints":{"allow":["GET"]}}],"collection":[{"href":"https:\/\/www.europesays.com\/pt\/wp-json\/wp\/v2\/posts"}],"about":[{"href":"https:\/\/www.europesays.com\/pt\/wp-json\/wp\/v2\/types\/post"}],"author":[{"embeddable":true,"href":"https:\/\/www.europesays.com\/pt\/wp-json\/wp\/v2\/users\/2"}],"replies":[{"embeddable":true,"href":"https:\/\/www.europesays.com\/pt\/wp-json\/wp\/v2\/comments?post=183836"}],"version-history":[{"count":0,"href":"https:\/\/www.europesays.com\/pt\/wp-json\/wp\/v2\/posts\/183836\/revisions"}],"wp:featuredmedia":[{"embeddable":true,"href":"https:\/\/www.europesays.com\/pt\/wp-json\/wp\/v2\/media\/183837"}],"wp:attachment":[{"href":"https:\/\/www.europesays.com\/pt\/wp-json\/wp\/v2\/media?parent=183836"}],"wp:term":[{"taxonomy":"category","embeddable":true,"href":"https:\/\/www.europesays.com\/pt\/wp-json\/wp\/v2\/categories?post=183836"},{"taxonomy":"post_tag","embeddable":true,"href":"https:\/\/www.europesays.com\/pt\/wp-json\/wp\/v2\/tags?post=183836"}],"curies":[{"name":"wp","href":"https:\/\/api.w.org\/{rel}","templated":true}]}}