{"id":183849,"date":"2025-12-11T09:12:42","date_gmt":"2025-12-11T09:12:42","guid":{"rendered":"https:\/\/www.europesays.com\/pt\/183849\/"},"modified":"2025-12-11T09:12:42","modified_gmt":"2025-12-11T09:12:42","slug":"video-fc-porto-ultima-rececao-ao-malmo-com-ecra-gigante-e-drones","status":"publish","type":"post","link":"https:\/\/www.europesays.com\/pt\/183849\/","title":{"rendered":"V\u00cdDEO: FC Porto ultima rece\u00e7\u00e3o ao Malm\u00f6 com ecr\u00e3 gigante e drones"},"content":{"rendered":"<p style=\"margin-bottom:11px\">O FC Porto realizou na manh\u00e3 desta quarta-feira o \u00faltimo treino antes da rece\u00e7\u00e3o ao Malm\u00f6, na sexta jornada da fase liga da Liga Europa. No Olival, no per\u00edodo aberto \u00e0 comunica\u00e7\u00e3o social, a sess\u00e3o arrancou com ligeiro atraso e foi antecedida de um \u201ct\u00fanel\u201d sobre Bednarek e Zaidu. O treino foi acompanhado por Andr\u00e9 Villas-Boas.<\/p>\n<p>Foi poss\u00edvel observar Rodrigo Mora com uma prote\u00e7\u00e3o na coxa esquerda, enquanto Gabri Veiga n\u00e3o surgiu no relvado, depois de treinar condicionado na ter\u00e7a-feira, enquanto recupera de uma entorse no tornozelo direito. No boletim cl\u00ednico dos drag\u00f5es continua o defesa Nehu\u00e9n\u00a0P\u00e9rez e o avan\u00e7ado Luuk\u00a0de Jong.<\/p>\n<p>O <a href=\"https:\/\/maisfutebol.iol.pt\/resultadoseclassificacoes\/399\/132\/Europa\/Liga-Europa\" rel=\"nofollow noopener\" target=\"_blank\">FC Porto ocupa o oitavo posto da Liga Europa, com nove pontos<\/a>, igualado com Sp. Braga (7.\u00ba) e Genk (9.\u00ba), a dois pontos dos l\u00edderes Lyon Midtjylland e Aston Villa. O Malm\u00f6 leva um ponto no 34.\u00ba lugar e <a href=\"https:\/\/maisfutebol.iol.pt\/jogo\/fc-porto\/malmo\/13830276\" rel=\"nofollow noopener\" target=\"_blank\">visita o Drag\u00e3o na noite desta quinta-feira<\/a> (20h).<\/p>\n","protected":false},"excerpt":{"rendered":"O FC Porto realizou na manh\u00e3 desta quarta-feira o \u00faltimo treino antes da rece\u00e7\u00e3o ao Malm\u00f6, na sexta&hellip;\n","protected":false},"author":2,"featured_media":183850,"comment_status":"","ping_status":"","sticky":false,"template":"","format":"standard","meta":{"footnotes":""},"categories":[87],"tags":[135,282,1011,137,46,462,32,33,47,2435,134],"class_list":{"0":"post-183849","1":"post","2":"type-post","3":"status-publish","4":"format-standard","5":"has-post-thumbnail","7":"category-desporto","8":"tag-desporto","9":"tag-fc-porto","10":"tag-francesco-farioli","11":"tag-liga-europa","12":"tag-maisfutebol","13":"tag-porto","14":"tag-portugal","15":"tag-pt","16":"tag-pura-paixao","17":"tag-rodrigo-mora","18":"tag-sports"},"share_on_mastodon":{"url":"https:\/\/pubeurope.com\/@pt\/115700170427048850","error":""},"_links":{"self":[{"href":"https:\/\/www.europesays.com\/pt\/wp-json\/wp\/v2\/posts\/183849","targetHints":{"allow":["GET"]}}],"collection":[{"href":"https:\/\/www.europesays.com\/pt\/wp-json\/wp\/v2\/posts"}],"about":[{"href":"https:\/\/www.europesays.com\/pt\/wp-json\/wp\/v2\/types\/post"}],"author":[{"embeddable":true,"href":"https:\/\/www.europesays.com\/pt\/wp-json\/wp\/v2\/users\/2"}],"replies":[{"embeddable":true,"href":"https:\/\/www.europesays.com\/pt\/wp-json\/wp\/v2\/comments?post=183849"}],"version-history":[{"count":0,"href":"https:\/\/www.europesays.com\/pt\/wp-json\/wp\/v2\/posts\/183849\/revisions"}],"wp:featuredmedia":[{"embeddable":true,"href":"https:\/\/www.europesays.com\/pt\/wp-json\/wp\/v2\/media\/183850"}],"wp:attachment":[{"href":"https:\/\/www.europesays.com\/pt\/wp-json\/wp\/v2\/media?parent=183849"}],"wp:term":[{"taxonomy":"category","embeddable":true,"href":"https:\/\/www.europesays.com\/pt\/wp-json\/wp\/v2\/categories?post=183849"},{"taxonomy":"post_tag","embeddable":true,"href":"https:\/\/www.europesays.com\/pt\/wp-json\/wp\/v2\/tags?post=183849"}],"curies":[{"name":"wp","href":"https:\/\/api.w.org\/{rel}","templated":true}]}}