{"id":183857,"date":"2025-12-11T09:27:25","date_gmt":"2025-12-11T09:27:25","guid":{"rendered":"https:\/\/www.europesays.com\/pt\/183857\/"},"modified":"2025-12-11T09:27:25","modified_gmt":"2025-12-11T09:27:25","slug":"manchester-city-pode-bater-recordes-e-prepara-proposta-de-120-milhoes-de-euros-por-mais-um-avancado","status":"publish","type":"post","link":"https:\/\/www.europesays.com\/pt\/183857\/","title":{"rendered":"Manchester City pode bater recordes e prepara proposta de 120 milh\u00f5es de euros por mais um avan\u00e7ado"},"content":{"rendered":"<p>&#8211; Advertisement &#8211;<\/p>\n<p><strong>Est\u00eav\u00e3o \u00e9 alvo do Manchester City. Emblema ingl\u00eas est\u00e1 de olho no extremo do Chelsea e prepara proposta milion\u00e1ria pelo brasileiro.<\/strong><\/p>\n<p>O Manchester City continua no mercado e tem um alvo de peso no ataque. De acordo com o di\u00e1rio Fichajes, os cityzens pretendem contratar Est\u00eav\u00e3o ao Chelsea. <\/p>\n<p>Em cima da mesa est\u00e1 uma proposta de 120 milh\u00f5es de euros, valor que tornaria Est\u00eav\u00e3o a contrata\u00e7\u00e3o mais cara da hist\u00f3ria do clube. Ainda assim, o Chelsea n\u00e3o pretende vender o brasileiro sob qualquer quantia e vai fazer jogo duro.<\/p>\n<p>Est\u00eav\u00e3o<a href=\"https:\/\/bolanarede.pt\/especial-bola-na-rede\/atualidade\/estevao-oficialmente-apresentado-como-reforco-do-chelsea\/\" target=\"_blank\" rel=\"noreferrer noopener nofollow\"> chegou aos blues no ver\u00e3o por 34 milh\u00f5es de euros <\/a>e tem sido um dos destaques do arranque de \u00e9poca. Em 2025\/26, o jogador de 18 anos soma cinco golos e uma assist\u00eancia em 20 jogos pelos londrinos. <\/p>\n","protected":false},"excerpt":{"rendered":"&#8211; Advertisement &#8211; Est\u00eav\u00e3o \u00e9 alvo do Manchester City. Emblema ingl\u00eas est\u00e1 de olho no extremo do Chelsea&hellip;\n","protected":false},"author":2,"featured_media":183858,"comment_status":"","ping_status":"","sticky":false,"template":"","format":"standard","meta":{"footnotes":""},"categories":[87],"tags":[260,904,135,25441,1382,32,666,33,134],"class_list":{"0":"post-183857","1":"post","2":"type-post","3":"status-publish","4":"format-standard","5":"has-post-thumbnail","7":"category-desporto","8":"tag-atualidade","9":"tag-chelsea","10":"tag-desporto","11":"tag-estevao","12":"tag-manchester-city","13":"tag-portugal","14":"tag-premier-league","15":"tag-pt","16":"tag-sports"},"share_on_mastodon":{"url":"https:\/\/pubeurope.com\/@pt\/115700226206864978","error":""},"_links":{"self":[{"href":"https:\/\/www.europesays.com\/pt\/wp-json\/wp\/v2\/posts\/183857","targetHints":{"allow":["GET"]}}],"collection":[{"href":"https:\/\/www.europesays.com\/pt\/wp-json\/wp\/v2\/posts"}],"about":[{"href":"https:\/\/www.europesays.com\/pt\/wp-json\/wp\/v2\/types\/post"}],"author":[{"embeddable":true,"href":"https:\/\/www.europesays.com\/pt\/wp-json\/wp\/v2\/users\/2"}],"replies":[{"embeddable":true,"href":"https:\/\/www.europesays.com\/pt\/wp-json\/wp\/v2\/comments?post=183857"}],"version-history":[{"count":0,"href":"https:\/\/www.europesays.com\/pt\/wp-json\/wp\/v2\/posts\/183857\/revisions"}],"wp:featuredmedia":[{"embeddable":true,"href":"https:\/\/www.europesays.com\/pt\/wp-json\/wp\/v2\/media\/183858"}],"wp:attachment":[{"href":"https:\/\/www.europesays.com\/pt\/wp-json\/wp\/v2\/media?parent=183857"}],"wp:term":[{"taxonomy":"category","embeddable":true,"href":"https:\/\/www.europesays.com\/pt\/wp-json\/wp\/v2\/categories?post=183857"},{"taxonomy":"post_tag","embeddable":true,"href":"https:\/\/www.europesays.com\/pt\/wp-json\/wp\/v2\/tags?post=183857"}],"curies":[{"name":"wp","href":"https:\/\/api.w.org\/{rel}","templated":true}]}}