{"id":183865,"date":"2025-12-11T09:35:12","date_gmt":"2025-12-11T09:35:12","guid":{"rendered":"https:\/\/www.europesays.com\/pt\/183865\/"},"modified":"2025-12-11T09:35:12","modified_gmt":"2025-12-11T09:35:12","slug":"perdeu-22-quilos-e-deixou-de-fumar-para-salvar-o-marido","status":"publish","type":"post","link":"https:\/\/www.europesays.com\/pt\/183865\/","title":{"rendered":"Perdeu 22 quilos e deixou de fumar para salvar o marido"},"content":{"rendered":"<p>Qual foi a coisa mais dura que fez por amor? Patr\u00edcia Silva perdeu 22 quilos e deixou de fumar, motivada pela necessidade de doar um rim ao marido, Paulo. Se n\u00e3o o tivesse feito, teria de o ver fazer di\u00e1lise tr\u00eas vezes por semana ou, no limite, morrer. Patr\u00edcia n\u00e3o teve d\u00favidas e a cirurgia foi feita h\u00e1 dias. Este \u00e9 um caso de sucesso, mas h\u00e1 outros dois mil doentes que ainda n\u00e3o tiveram a mesma sorte e aguardam por um rim compat\u00edvel, que lhes permita viver com qualidade e longe do hospital. Atualmente, o tempo m\u00e9dio de espera para o transplante \u00e9 de cinco anos e meio. Da\u00ed a import\u00e2ncia de haver mais doa\u00e7\u00f5es em vida.<\/p>\n","protected":false},"excerpt":{"rendered":"Qual foi a coisa mais dura que fez por amor? Patr\u00edcia Silva perdeu 22 quilos e deixou de&hellip;\n","protected":false},"author":2,"featured_media":183866,"comment_status":"","ping_status":"","sticky":false,"template":"","format":"standard","meta":{"footnotes":""},"categories":[8],"tags":[27,28,20018,15,16,14,20905,25,26,21,22,12,13,19,20,32,23,24,33,117,14834,17,18,29,30,31],"class_list":{"0":"post-183865","1":"post","2":"type-post","3":"status-publish","4":"format-standard","5":"has-post-thumbnail","7":"category-principais-noticias","8":"tag-breaking-news","9":"tag-breakingnews","10":"tag-concelho-porto","11":"tag-featured-news","12":"tag-featurednews","13":"tag-headlines","14":"tag-hospital-de-s-joao","15":"tag-latest-news","16":"tag-latestnews","17":"tag-main-news","18":"tag-mainnews","19":"tag-news","20":"tag-noticias","21":"tag-noticias-principais","22":"tag-noticiasprincipais","23":"tag-portugal","24":"tag-principais-noticias","25":"tag-principaisnoticias","26":"tag-pt","27":"tag-saude","28":"tag-tabaco","29":"tag-top-stories","30":"tag-topstories","31":"tag-ultimas","32":"tag-ultimas-noticias","33":"tag-ultimasnoticias"},"share_on_mastodon":{"url":"https:\/\/pubeurope.com\/@pt\/115700257692159672","error":""},"_links":{"self":[{"href":"https:\/\/www.europesays.com\/pt\/wp-json\/wp\/v2\/posts\/183865","targetHints":{"allow":["GET"]}}],"collection":[{"href":"https:\/\/www.europesays.com\/pt\/wp-json\/wp\/v2\/posts"}],"about":[{"href":"https:\/\/www.europesays.com\/pt\/wp-json\/wp\/v2\/types\/post"}],"author":[{"embeddable":true,"href":"https:\/\/www.europesays.com\/pt\/wp-json\/wp\/v2\/users\/2"}],"replies":[{"embeddable":true,"href":"https:\/\/www.europesays.com\/pt\/wp-json\/wp\/v2\/comments?post=183865"}],"version-history":[{"count":0,"href":"https:\/\/www.europesays.com\/pt\/wp-json\/wp\/v2\/posts\/183865\/revisions"}],"wp:featuredmedia":[{"embeddable":true,"href":"https:\/\/www.europesays.com\/pt\/wp-json\/wp\/v2\/media\/183866"}],"wp:attachment":[{"href":"https:\/\/www.europesays.com\/pt\/wp-json\/wp\/v2\/media?parent=183865"}],"wp:term":[{"taxonomy":"category","embeddable":true,"href":"https:\/\/www.europesays.com\/pt\/wp-json\/wp\/v2\/categories?post=183865"},{"taxonomy":"post_tag","embeddable":true,"href":"https:\/\/www.europesays.com\/pt\/wp-json\/wp\/v2\/tags?post=183865"}],"curies":[{"name":"wp","href":"https:\/\/api.w.org\/{rel}","templated":true}]}}