{"id":183867,"date":"2025-12-11T09:36:27","date_gmt":"2025-12-11T09:36:27","guid":{"rendered":"https:\/\/www.europesays.com\/pt\/183867\/"},"modified":"2025-12-11T09:36:27","modified_gmt":"2025-12-11T09:36:27","slug":"lendaria-judi-dench-diz-que-perder-a-visao-e-devastador-defende-kevin-spacey-sapo","status":"publish","type":"post","link":"https:\/\/www.europesays.com\/pt\/183867\/","title":{"rendered":"Lend\u00e1ria Judi Dench diz que perder a vis\u00e3o \u00e9 &quot;devastador&quot;, defende Kevin Spacey &#8211; SAPO"},"content":{"rendered":"<ol>\n<li><a href=\"https:\/\/news.google.com\/rss\/articles\/CBMi-wFBVV95cUxOQ1dsZXFzTFRmUHhrQ3lzWjdxQkNVYUNiMk1lVU1NSVRmaWxEMW9ydFRMUld4X1piSXRrYjZOb0R3akpYY1d1RmsxcEZHUnlpWlllVVpEak1NdVNHZ2pKbTBacEFKcFNRTXVTcm1sOWRTMHRVeGNMa1R0aGFvZmFaU2tfVTlmbVFLVkxnMDRrVDBvQXJxY1R3d1pfQ2t3MGJlekJwZ0hWTGNuc1hxU0JYaFA5U003aHJ2NmRXUEZLNWVwdE0xMVBNZWM4a25HUE45Qkhha3BIdlpiYUIzM242SlY1VnQ3S2VhUHI5dWdoT0ZaQU9laE0tUTlXUQ?oc=5\" target=\"_blank\" rel=\"nofollow noopener\">Lend\u00e1ria Judi Dench diz que perder a vis\u00e3o \u00e9 &#8220;devastador&#8221;, defende Kevin Spacey<\/a>&nbsp;&nbsp;SAPO<\/li>\n<li><a href=\"https:\/\/news.google.com\/rss\/articles\/CBMi4AFBVV95cUxOWXh0RnZydXp6Y2tPdkVXcDIwYlpIeHhXZkhmRnZjWXc2bFUySFNIZEpqbVNKdG12UlpmWW1YRW9YOGhlNTV1WkVjblpiajRtSi1aZ3ZUU1JsN3lQblBqaEc2c2xsNDM3azBlV1EtT3dSdjJ0Qk1fbzF6ektKNFEtWENMUzFnSzlkNmlLUGdzaXBuRXJSME1YQzFoNndGc214aXQxVjRkTGVpTDVmZE5ZbnRDS2RSenBNWFhCbjV3U21qdnJya1hFSkdwb3pFOGx1OThONlc5eDhtSU9yYXNZWdIB4AFBVV95cUxOWXh0RnZydXp6Y2tPdkVXcDIwYlpIeHhXZkhmRnZjWXc2bFUySFNIZEpqbVNKdG12UlpmWW1YRW9YOGhlNTV1WkVjblpiajRtSi1aZ3ZUU1JsN3lQblBqaEc2c2xsNDM3azBlV1EtT3dSdjJ0Qk1fbzF6ektKNFEtWENMUzFnSzlkNmlLUGdzaXBuRXJSME1YQzFoNndGc214aXQxVjRkTGVpTDVmZE5ZbnRDS2RSenBNWFhCbjV3U21qdnJya1hFSkdwb3pFOGx1OThONlc5eDhtSU9yYXNZWQ?oc=5\" target=\"_blank\" rel=\"nofollow noopener\">Degenera\u00e7\u00e3o macular: atriz Judi Dench revela perda progressiva da vis\u00e3o<\/a>&nbsp;&nbsp;Correio Braziliense<\/li>\n<li><a href=\"https:\/\/news.google.com\/rss\/articles\/CBMi4gFBVV95cUxOLXBNbmJaeTFNZnZJbWFlNl9YTE9hSHZBUjdwX0VvS3ZhLVNuOUtERF9PVy1mMnpGZFptMXZCNVB6clJhZk50VWFPRk1hNEg0QV9QMGV0dTRyQVh6N2xYUDhRVUhRbm9Td0xOaGVObDJCTDBiSWJmLUs0dnFzSGZqcGYwNG5VRzQtR1c0aUVnMkt5ckItYnE4MWdaS3RZRjYtN0pzbWc1Q0wzcnZhbW1VMTBUQzlsc3dONThiQy13c1VmN3pnUzlyWnB4NWtTZ3lobERvMGVfa1dfa2E4bk5DU3hn?oc=5\" target=\"_blank\" rel=\"nofollow noopener\">Atriz que ganhou Oscar revela que est\u00e1 sem enxergar; o que est\u00e1 por tr\u00e1s do diagn\u00f3stico?<\/a>&nbsp;&nbsp;CARAS Brasil<\/li>\n<li><a href=\"https:\/\/news.google.com\/rss\/articles\/CBMinAFBVV95cUxQZ29iMHNCazZ3azNyYnpRdzM3U2ExVTZKM1pLc256SG1iRGdYOUN3bVZUbWlWSUxTcmdOUnJHMWJiYVFWd0dnT3k0WmQyQV9SbjBaZnZIaWlmejdYMkZCeGNGVmg0MlBtVWpNTmw1MHZWcjJkZE9ELXBTcm4zcXk5SmExLXNGZnFiV1pQZ1NDSW81THJJNFdjZFRkbno?oc=5\" target=\"_blank\" rel=\"nofollow noopener\">Judi Dench diz que n\u00e3o consegue mais enxergar<\/a>&nbsp;&nbsp;Diario de Cuiab\u00e1<\/li>\n<li><a href=\"https:\/\/news.google.com\/rss\/articles\/CBMipAFBVV95cUxPTmZ2WmRidi1JQVNNeExZZmllT3hKOXJCZDZ2bFFCeGp6NFdrcGx2cWM5TURwZmY1NWpjd2VQcGo2b1dqZDZpNDV4MGFMVTU0NlkxaGVJOGZ4MXREVjhUV2ZtMTBOU183d1ZhWjZJLVVJMWVSLXdjTDY0UWVXejRuMjBFcGVWTWFDcXVPSTgySUF6eGJVU1BIS3ZoR0JEeTNVaGdTQw?oc=5\" target=\"_blank\" rel=\"nofollow noopener\">Degenera\u00e7\u00e3o macular: atriz Judi Dench revela perda progressiva da vis\u00e3o &#8211; Tupi.fm<\/a>&nbsp;&nbsp;Super R\u00e1dio Tupi<\/li>\n<\/ol>\n","protected":false},"excerpt":{"rendered":"Lend\u00e1ria Judi Dench diz que perder a vis\u00e3o \u00e9 &#8220;devastador&#8221;, defende Kevin Spacey&nbsp;&nbsp;SAPO Degenera\u00e7\u00e3o macular: atriz Judi Dench&hellip;\n","protected":false},"author":2,"featured_media":183701,"comment_status":"","ping_status":"","sticky":false,"template":"","format":"standard","meta":{"footnotes":""},"categories":[145],"tags":[211,210,114,115,32,33],"class_list":{"0":"post-183867","1":"post","2":"type-post","3":"status-publish","4":"format-standard","5":"has-post-thumbnail","7":"category-celebridades","8":"tag-celebridades","9":"tag-celebrities","10":"tag-entertainment","11":"tag-entretenimento","12":"tag-portugal","13":"tag-pt"},"share_on_mastodon":{"url":"https:\/\/pubeurope.com\/@pt\/115700261428967177","error":""},"_links":{"self":[{"href":"https:\/\/www.europesays.com\/pt\/wp-json\/wp\/v2\/posts\/183867","targetHints":{"allow":["GET"]}}],"collection":[{"href":"https:\/\/www.europesays.com\/pt\/wp-json\/wp\/v2\/posts"}],"about":[{"href":"https:\/\/www.europesays.com\/pt\/wp-json\/wp\/v2\/types\/post"}],"author":[{"embeddable":true,"href":"https:\/\/www.europesays.com\/pt\/wp-json\/wp\/v2\/users\/2"}],"replies":[{"embeddable":true,"href":"https:\/\/www.europesays.com\/pt\/wp-json\/wp\/v2\/comments?post=183867"}],"version-history":[{"count":0,"href":"https:\/\/www.europesays.com\/pt\/wp-json\/wp\/v2\/posts\/183867\/revisions"}],"wp:featuredmedia":[{"embeddable":true,"href":"https:\/\/www.europesays.com\/pt\/wp-json\/wp\/v2\/media\/183701"}],"wp:attachment":[{"href":"https:\/\/www.europesays.com\/pt\/wp-json\/wp\/v2\/media?parent=183867"}],"wp:term":[{"taxonomy":"category","embeddable":true,"href":"https:\/\/www.europesays.com\/pt\/wp-json\/wp\/v2\/categories?post=183867"},{"taxonomy":"post_tag","embeddable":true,"href":"https:\/\/www.europesays.com\/pt\/wp-json\/wp\/v2\/tags?post=183867"}],"curies":[{"name":"wp","href":"https:\/\/api.w.org\/{rel}","templated":true}]}}