{"id":183868,"date":"2025-12-11T09:39:23","date_gmt":"2025-12-11T09:39:23","guid":{"rendered":"https:\/\/www.europesays.com\/pt\/183868\/"},"modified":"2025-12-11T09:39:23","modified_gmt":"2025-12-11T09:39:23","slug":"casa-dos-segredos-a-razao-pela-qual-dylan-e-ines-nao-oficializaram-o-namoro-dentro-da-casa","status":"publish","type":"post","link":"https:\/\/www.europesays.com\/pt\/183868\/","title":{"rendered":"Casa dos Segredos &#8211; A raz\u00e3o pela qual Dylan e In\u00eas n\u00e3o oficializaram o namoro dentro da casa"},"content":{"rendered":"<p><strong>Dylan<\/strong> e <strong>In\u00eas <\/strong>deixaram que o amor entre eles crescesse \u00e0 vista de todo o pa\u00eds, mas, curiosamente, ainda n\u00e3o deram o passo de se assumirem como namorados. Agora longe da mans\u00e3o da Malveira, Dylan abriu o jogo \u00e0 revista TV Guia e revelou o porqu\u00ea desta decis\u00e3o.<\/p>\n<p>Segundo o jovem, a prioridade era proteger o que estavam a construir, evitando que os colegas insinuassem que a rela\u00e7\u00e3o fazia parte de uma estrat\u00e9gia de jogo.<\/p>\n<blockquote>\n<p><strong>Leia ainda: <\/strong><a href=\"https:\/\/www.novagente.pt\/dylan-faz-enorme-mudanca-de-visual-apos-ser-gozado-pelo-cabelo-amarelo\" rel=\"nofollow noopener\" target=\"_blank\">Dylan faz enorme mudan\u00e7a de visual ap\u00f3s ser &#8216;gozado&#8217; pelo cabelo amarelo\u00a0<\/a><\/p>\n<\/blockquote>\n<p>E acrescentou: &#8220;Sab\u00edamos que faltava no m\u00e1ximo um m\u00eas para acabar e que ter\u00edamos todo o tempo do mundo para estruturar a nossa rela\u00e7\u00e3o&#8221;.\u00a0<\/p>\n<p>A rea\u00e7\u00e3o de Dylan ao segredo de Pedro Jorge e Marisa\u00a0<\/p>\n<p>Texto: Beatriz Soares; Fotos: DR e Redes Sociais.\u00a0<\/p>\n<p class=\"intagram-text\">Siga a Nova Gente no Instagram<\/p>\n<p>                        <a href=\"https:\/\/www.instagram.com\/revistanovagente\/\" target=\"_blank\" aria-label=\"instagram\" rel=\"noopener nofollow\"><img decoding=\"async\" style=\"display: block; margin-left: auto; margin-right: auto; width: 250px; height: 83px;\" src=\"https:\/\/www.europesays.com\/pt\/wp-content\/uploads\/2025\/11\/Instagram_NG.png\" alt=\"instagram\"\/><\/a><br \/>\n                    <script async src=\"\/\/www.instagram.com\/embed.js\"><\/script><\/p>\n","protected":false},"excerpt":{"rendered":"Dylan e In\u00eas deixaram que o amor entre eles crescesse \u00e0 vista de todo o pa\u00eds, mas, curiosamente,&hellip;\n","protected":false},"author":2,"featured_media":183869,"comment_status":"","ping_status":"","sticky":false,"template":"","format":"standard","meta":{"footnotes":""},"categories":[142],"tags":[2632,166,19105,114,115,15353,32,33,151],"class_list":{"0":"post-183868","1":"post","2":"type-post","3":"status-publish","4":"format-standard","5":"has-post-thumbnail","7":"category-tv","8":"tag-casa-dos-segredos","9":"tag-cristina-ferreira","10":"tag-dylan","11":"tag-entertainment","12":"tag-entretenimento","13":"tag-ines","14":"tag-portugal","15":"tag-pt","16":"tag-tv"},"share_on_mastodon":{"url":"https:\/\/pubeurope.com\/@pt\/115700273484218531","error":""},"_links":{"self":[{"href":"https:\/\/www.europesays.com\/pt\/wp-json\/wp\/v2\/posts\/183868","targetHints":{"allow":["GET"]}}],"collection":[{"href":"https:\/\/www.europesays.com\/pt\/wp-json\/wp\/v2\/posts"}],"about":[{"href":"https:\/\/www.europesays.com\/pt\/wp-json\/wp\/v2\/types\/post"}],"author":[{"embeddable":true,"href":"https:\/\/www.europesays.com\/pt\/wp-json\/wp\/v2\/users\/2"}],"replies":[{"embeddable":true,"href":"https:\/\/www.europesays.com\/pt\/wp-json\/wp\/v2\/comments?post=183868"}],"version-history":[{"count":0,"href":"https:\/\/www.europesays.com\/pt\/wp-json\/wp\/v2\/posts\/183868\/revisions"}],"wp:featuredmedia":[{"embeddable":true,"href":"https:\/\/www.europesays.com\/pt\/wp-json\/wp\/v2\/media\/183869"}],"wp:attachment":[{"href":"https:\/\/www.europesays.com\/pt\/wp-json\/wp\/v2\/media?parent=183868"}],"wp:term":[{"taxonomy":"category","embeddable":true,"href":"https:\/\/www.europesays.com\/pt\/wp-json\/wp\/v2\/categories?post=183868"},{"taxonomy":"post_tag","embeddable":true,"href":"https:\/\/www.europesays.com\/pt\/wp-json\/wp\/v2\/tags?post=183868"}],"curies":[{"name":"wp","href":"https:\/\/api.w.org\/{rel}","templated":true}]}}