{"id":183890,"date":"2025-12-11T10:01:15","date_gmt":"2025-12-11T10:01:15","guid":{"rendered":"https:\/\/www.europesays.com\/pt\/183890\/"},"modified":"2025-12-11T10:01:15","modified_gmt":"2025-12-11T10:01:15","slug":"romance-com-liam-neeson-reacende-desejo-de-pamela-anderson-de-mudar-de-nome","status":"publish","type":"post","link":"https:\/\/www.europesays.com\/pt\/183890\/","title":{"rendered":"Romance com Liam Neeson reacende desejo de Pamela Anderson de mudar de nome"},"content":{"rendered":"<p data-remotead-prev-elm=\"true\" data-remotead-elm-id=\"inread\">Pamela Anderson decidiu acabar com os rumores e contou, sem rodeios, que manteve um breve romance com Liam Neeson ap\u00f3s conclu\u00edrem as filmagens de &#8220;The Naked Gun: Aonde \u00e9 que p\u00e1ra a pol\u00edcia&#8221;. &#8220;Se quiser saber, o Liam e eu estivemos romanticamente envolvidos durante um curto per\u00edodo, mas s\u00f3 depois de acabarmos de filmar&#8221;, revelou em entrevista \u00e0 revista &#8220;People&#8221;, esclarecendo que a liga\u00e7\u00e3o que muitos acreditaram ser uma a\u00e7\u00e3o promocional do filme teve, afinal, sentimentos genu\u00ednos. &#8220;Isto \u00e9 real. Temos sentimentos verdadeiros&#8221;, sublinhou.<\/p>\n<p>A atriz descreve essa fase como &#8220;uma semana \u00edntima&#8221;, vivida na casa do ator no interior de Nova Iorque. &#8220;Tive o meu pr\u00f3prio quarto&#8221;, comentou, explicando que assistentes e at\u00e9 familiares passaram por l\u00e1 com naturalidade.<\/p>\n<p>Houve jantares rom\u00e2nticos, como o de um pequeno restaurante franc\u00eas, onde Neeson a apresentou a conhecidos como &#8220;a futura Mrs. Neeson&#8221;. E houve rotinas simples que a tocaram, como o momento em que decidiu cuidar de &#8220;uma roseira invadida pela hortel\u00e3&#8221; no jardim do anfitri\u00e3o.<\/p>\n<p>Uma nova mulher<\/p>\n<p data-remotead-prev-elm=\"true\" data-remotead-elm-id=\"centro1\">A rela\u00e7\u00e3o n\u00e3o avan\u00e7ou, mas deixou cumplicidade. &#8220;Adoro o Liam, mas somos melhores amigos, com toda a honestidade&#8221;, afirmou Pamela, sublinhando que o ator continua a incentiv\u00e1-la nesta fase de liberta\u00e7\u00e3o pessoal. Hoje, assume mudan\u00e7as que h\u00e1 uns anos n\u00e3o imaginaria. Abra\u00e7ou o visual ruivo, transforma\u00e7\u00e3o que v\u00ea como &#8220;mais uma forma de liberdade&#8221; e a prova de que est\u00e1, finalmente, &#8220;no controlo da pr\u00f3pria vida&#8221;.<\/p>\n<p>Essa vontade de se reinventar levou-a a olhar para tr\u00e1s, para o que a formou. A artista recorda com emo\u00e7\u00e3o o av\u00f4 Herman, que lhe ensinou finland\u00eas quando era crian\u00e7a. &#8220;A pessoa mais pr\u00f3xima&#8221; dos seus primeiros anos deixou-lhe uma heran\u00e7a que agora quer recuperar. &#8220;\u00c0s vezes, n\u00e3o quero ser Pamela Anderson. Quero ser Pamela Hyyti\u00e4inen&#8221;, confessou, com humor, ao admitir que sonha voltar ao apelido original da fam\u00edlia.<\/p>\n<p>Com novos projetos em andamento, incluindo a produ\u00e7\u00e3o de uma nova s\u00e9rie inspirada em &#8220;Barb wire&#8221;, a atriz espera viajar em breve com os filhos at\u00e9 \u00e0 Finl\u00e2ndia, em busca dessa raiz que a acompanha desde sempre.<\/p>\n<p>Nas palavras de Pamela Anderson, esta etapa representa algo simples, mas poderoso: &#8220;\u00c9 um ato rebelde ser feliz.&#8221;<\/p>\n","protected":false},"excerpt":{"rendered":"Pamela Anderson decidiu acabar com os rumores e contou, sem rodeios, que manteve um breve romance com Liam&hellip;\n","protected":false},"author":2,"featured_media":183891,"comment_status":"","ping_status":"","sticky":false,"template":"","format":"standard","meta":{"footnotes":""},"categories":[85],"tags":[114,115,5926,5925,32,33],"class_list":{"0":"post-183890","1":"post","2":"type-post","3":"status-publish","4":"format-standard","5":"has-post-thumbnail","7":"category-entretenimento","8":"tag-entertainment","9":"tag-entretenimento","10":"tag-liam-neeson","11":"tag-pamela-anderson","12":"tag-portugal","13":"tag-pt"},"share_on_mastodon":{"url":"https:\/\/pubeurope.com\/@pt\/115700359844455257","error":""},"_links":{"self":[{"href":"https:\/\/www.europesays.com\/pt\/wp-json\/wp\/v2\/posts\/183890","targetHints":{"allow":["GET"]}}],"collection":[{"href":"https:\/\/www.europesays.com\/pt\/wp-json\/wp\/v2\/posts"}],"about":[{"href":"https:\/\/www.europesays.com\/pt\/wp-json\/wp\/v2\/types\/post"}],"author":[{"embeddable":true,"href":"https:\/\/www.europesays.com\/pt\/wp-json\/wp\/v2\/users\/2"}],"replies":[{"embeddable":true,"href":"https:\/\/www.europesays.com\/pt\/wp-json\/wp\/v2\/comments?post=183890"}],"version-history":[{"count":0,"href":"https:\/\/www.europesays.com\/pt\/wp-json\/wp\/v2\/posts\/183890\/revisions"}],"wp:featuredmedia":[{"embeddable":true,"href":"https:\/\/www.europesays.com\/pt\/wp-json\/wp\/v2\/media\/183891"}],"wp:attachment":[{"href":"https:\/\/www.europesays.com\/pt\/wp-json\/wp\/v2\/media?parent=183890"}],"wp:term":[{"taxonomy":"category","embeddable":true,"href":"https:\/\/www.europesays.com\/pt\/wp-json\/wp\/v2\/categories?post=183890"},{"taxonomy":"post_tag","embeddable":true,"href":"https:\/\/www.europesays.com\/pt\/wp-json\/wp\/v2\/tags?post=183890"}],"curies":[{"name":"wp","href":"https:\/\/api.w.org\/{rel}","templated":true}]}}