{"id":183896,"date":"2025-12-11T10:06:10","date_gmt":"2025-12-11T10:06:10","guid":{"rendered":"https:\/\/www.europesays.com\/pt\/183896\/"},"modified":"2025-12-11T10:06:10","modified_gmt":"2025-12-11T10:06:10","slug":"confirma-se-a-relacao-entre-imigracao-e-criminalidade","status":"publish","type":"post","link":"https:\/\/www.europesays.com\/pt\/183896\/","title":{"rendered":"Confirma-se a rela\u00e7\u00e3o entre imigra\u00e7\u00e3o e criminalidade"},"content":{"rendered":"<p class=\"texto\">A opera\u00e7\u00e3o Safra Justa, no \u00e2mbito da qual foram detidas 17 pessoas, entre as quais 10 militares da GNR e um agente da PSP, veio dar raz\u00e3o a Andr\u00e9 Ventura. Segundo a Pol\u00edcia Judici\u00e1ria, os detidos pertencem a um \u201cgrupo violento, de estilo mafioso\u201d, que explorava imigrantes ilegais \u201ccobrando alojamentos e alimenta\u00e7\u00e3o e mantendo-os sob coac\u00e7\u00e3o atrav\u00e9s de amea\u00e7as, havendo mesmo v\u00e1rios epis\u00f3dios de ofensas \u00e0 integridade f\u00edsica\u201d. Ou seja, tal como o presidente do Chega tem defendido, existe uma \u00f3bvia liga\u00e7\u00e3o directa entre imigra\u00e7\u00e3o e criminalidade: se n\u00e3o existissem imigrantes, estes portugueses agora detidos n\u00e3o teriam quem escravizar.<\/p>\n<p><a href=\"https:\/\/expresso.pt\/subscrever?action=GEN&amp;channel=BAF&amp;type=CAP&amp;source=WEB&amp;returnUrl=https:\/\/expresso.pt\/opiniao\/2025-12-11-confirma-se-a-relacao-entre-imigracao-e-criminalidade-a720bbb1&amp;utm_source=expresso&amp;utm_medium=locked_article&amp;locked=true&amp;article_id=49fd7931-4669-4de2-a15d-e93b0465591c&amp;author_id=Ricardo+Ara\u00fajo+Pereira&amp;category=Opini\u00e3o\" target=\"_self\" class=\"\" rel=\"nofollow noopener\">Subscrever<\/a>J\u00e1 \u00e9 Subscritor?Fa\u00e7a login e continue a ler<a href=\"http:\/\/expresso.pt\/codigo?redirectUrl=https:\/\/expresso.pt\/opiniao\/2025-12-11-confirma-se-a-relacao-entre-imigracao-e-criminalidade-a720bbb1\" target=\"_self\" class=\"\" rel=\"nofollow noopener\">Inserir C\u00f3digo<\/a>Comprou o Expresso?Insira o c\u00f3digo presente na Revista E para continuar a ler<\/p>\n","protected":false},"excerpt":{"rendered":"A opera\u00e7\u00e3o Safra Justa, no \u00e2mbito da qual foram detidas 17 pessoas, entre as quais 10 militares da&hellip;\n","protected":false},"author":2,"featured_media":175111,"comment_status":"","ping_status":"","sticky":false,"template":"","format":"standard","meta":{"footnotes":""},"categories":[10],"tags":[27,28,15,16,14,25,26,21,22,12,13,19,20,32,23,24,33,17,18,29,30,31],"class_list":{"0":"post-183896","1":"post","2":"type-post","3":"status-publish","4":"format-standard","5":"has-post-thumbnail","7":"category-portugal","8":"tag-breaking-news","9":"tag-breakingnews","10":"tag-featured-news","11":"tag-featurednews","12":"tag-headlines","13":"tag-latest-news","14":"tag-latestnews","15":"tag-main-news","16":"tag-mainnews","17":"tag-news","18":"tag-noticias","19":"tag-noticias-principais","20":"tag-noticiasprincipais","21":"tag-portugal","22":"tag-principais-noticias","23":"tag-principaisnoticias","24":"tag-pt","25":"tag-top-stories","26":"tag-topstories","27":"tag-ultimas","28":"tag-ultimas-noticias","29":"tag-ultimasnoticias"},"share_on_mastodon":{"url":"https:\/\/pubeurope.com\/@pt\/115700379347871736","error":""},"_links":{"self":[{"href":"https:\/\/www.europesays.com\/pt\/wp-json\/wp\/v2\/posts\/183896","targetHints":{"allow":["GET"]}}],"collection":[{"href":"https:\/\/www.europesays.com\/pt\/wp-json\/wp\/v2\/posts"}],"about":[{"href":"https:\/\/www.europesays.com\/pt\/wp-json\/wp\/v2\/types\/post"}],"author":[{"embeddable":true,"href":"https:\/\/www.europesays.com\/pt\/wp-json\/wp\/v2\/users\/2"}],"replies":[{"embeddable":true,"href":"https:\/\/www.europesays.com\/pt\/wp-json\/wp\/v2\/comments?post=183896"}],"version-history":[{"count":0,"href":"https:\/\/www.europesays.com\/pt\/wp-json\/wp\/v2\/posts\/183896\/revisions"}],"wp:featuredmedia":[{"embeddable":true,"href":"https:\/\/www.europesays.com\/pt\/wp-json\/wp\/v2\/media\/175111"}],"wp:attachment":[{"href":"https:\/\/www.europesays.com\/pt\/wp-json\/wp\/v2\/media?parent=183896"}],"wp:term":[{"taxonomy":"category","embeddable":true,"href":"https:\/\/www.europesays.com\/pt\/wp-json\/wp\/v2\/categories?post=183896"},{"taxonomy":"post_tag","embeddable":true,"href":"https:\/\/www.europesays.com\/pt\/wp-json\/wp\/v2\/tags?post=183896"}],"curies":[{"name":"wp","href":"https:\/\/api.w.org\/{rel}","templated":true}]}}