{"id":183914,"date":"2025-12-11T10:34:18","date_gmt":"2025-12-11T10:34:18","guid":{"rendered":"https:\/\/www.europesays.com\/pt\/183914\/"},"modified":"2025-12-11T10:34:18","modified_gmt":"2025-12-11T10:34:18","slug":"das-dissolucoes-a-greve-geral-a-distancia-minima-entre-catarina-martins-e-antonio-filipe-so-foi-visivel-na-ucrania","status":"publish","type":"post","link":"https:\/\/www.europesays.com\/pt\/183914\/","title":{"rendered":"Das dissolu\u00e7\u00f5es \u00e0 greve geral, a dist\u00e2ncia m\u00ednima entre Catarina Martins e Ant\u00f3nio Filipe s\u00f3 foi vis\u00edvel na Ucr\u00e2nia"},"content":{"rendered":"<p style=\"text-align: start;\">O frente-a-frente entre os candidatos apoiados por partidos que formaram a &#8216;gerigon\u00e7a&#8217; j\u00e1 faria prever converg\u00eancia na maioria dos temas. Mas mesmo nos assuntos onde poderia haver mais fric\u00e7\u00e3o, a dist\u00e2ncia entre Catarina Martins e Ant\u00f3nio Filipe foi sempre m\u00ednima. A invas\u00e3o da Ucr\u00e2nia pela R\u00fassia foi exemplo disso, mesmo pouco, foi onde se demarcaram.  <\/p>\n<p><a href=\"https:\/\/expresso.pt\/subscrever?action=GEN&amp;channel=BAF&amp;type=CAP&amp;source=WEB&amp;returnUrl=https:\/\/expresso.pt\/politica\/eleicoes\/presidenciais-2026\/2025-12-10-das-dissolucoes-a-greve-geral-a-distancia-minima-entre-catarina-martins-e-antonio-filipe-so-foi-visivel-na-ucrania-75b5e758&amp;utm_source=expresso&amp;utm_medium=locked_article&amp;locked=true&amp;article_id=b960a0e0-c17d-458c-a3e6-c096902f848a&amp;author_id=Margarida+Coutinho&amp;category=Presidenciais+2026\" target=\"_self\" class=\"\" rel=\"nofollow noopener\">Subscrever<\/a>J\u00e1 \u00e9 Subscritor?Fa\u00e7a login e continue a ler<a href=\"http:\/\/expresso.pt\/codigo?redirectUrl=https:\/\/expresso.pt\/politica\/eleicoes\/presidenciais-2026\/2025-12-10-das-dissolucoes-a-greve-geral-a-distancia-minima-entre-catarina-martins-e-antonio-filipe-so-foi-visivel-na-ucrania-75b5e758\" target=\"_self\" class=\"\" rel=\"nofollow noopener\">Inserir C\u00f3digo<\/a>Comprou o Expresso?Insira o c\u00f3digo presente na Revista E para continuar a ler<\/p>\n","protected":false},"excerpt":{"rendered":"O frente-a-frente entre os candidatos apoiados por partidos que formaram a &#8216;gerigon\u00e7a&#8217; j\u00e1 faria prever converg\u00eancia na maioria&hellip;\n","protected":false},"author":2,"featured_media":183915,"comment_status":"","ping_status":"","sticky":false,"template":"","format":"standard","meta":{"footnotes":""},"categories":[10],"tags":[27,28,15,16,14,25,26,21,22,12,13,19,20,32,23,24,33,17,18,29,30,31],"class_list":{"0":"post-183914","1":"post","2":"type-post","3":"status-publish","4":"format-standard","5":"has-post-thumbnail","7":"category-portugal","8":"tag-breaking-news","9":"tag-breakingnews","10":"tag-featured-news","11":"tag-featurednews","12":"tag-headlines","13":"tag-latest-news","14":"tag-latestnews","15":"tag-main-news","16":"tag-mainnews","17":"tag-news","18":"tag-noticias","19":"tag-noticias-principais","20":"tag-noticiasprincipais","21":"tag-portugal","22":"tag-principais-noticias","23":"tag-principaisnoticias","24":"tag-pt","25":"tag-top-stories","26":"tag-topstories","27":"tag-ultimas","28":"tag-ultimas-noticias","29":"tag-ultimasnoticias"},"share_on_mastodon":{"url":"https:\/\/pubeurope.com\/@pt\/115700489559552329","error":""},"_links":{"self":[{"href":"https:\/\/www.europesays.com\/pt\/wp-json\/wp\/v2\/posts\/183914","targetHints":{"allow":["GET"]}}],"collection":[{"href":"https:\/\/www.europesays.com\/pt\/wp-json\/wp\/v2\/posts"}],"about":[{"href":"https:\/\/www.europesays.com\/pt\/wp-json\/wp\/v2\/types\/post"}],"author":[{"embeddable":true,"href":"https:\/\/www.europesays.com\/pt\/wp-json\/wp\/v2\/users\/2"}],"replies":[{"embeddable":true,"href":"https:\/\/www.europesays.com\/pt\/wp-json\/wp\/v2\/comments?post=183914"}],"version-history":[{"count":0,"href":"https:\/\/www.europesays.com\/pt\/wp-json\/wp\/v2\/posts\/183914\/revisions"}],"wp:featuredmedia":[{"embeddable":true,"href":"https:\/\/www.europesays.com\/pt\/wp-json\/wp\/v2\/media\/183915"}],"wp:attachment":[{"href":"https:\/\/www.europesays.com\/pt\/wp-json\/wp\/v2\/media?parent=183914"}],"wp:term":[{"taxonomy":"category","embeddable":true,"href":"https:\/\/www.europesays.com\/pt\/wp-json\/wp\/v2\/categories?post=183914"},{"taxonomy":"post_tag","embeddable":true,"href":"https:\/\/www.europesays.com\/pt\/wp-json\/wp\/v2\/tags?post=183914"}],"curies":[{"name":"wp","href":"https:\/\/api.w.org\/{rel}","templated":true}]}}