{"id":183916,"date":"2025-12-11T10:35:20","date_gmt":"2025-12-11T10:35:20","guid":{"rendered":"https:\/\/www.europesays.com\/pt\/183916\/"},"modified":"2025-12-11T10:35:20","modified_gmt":"2025-12-11T10:35:20","slug":"donald-trump-acusa-os-media-de-traicao-por-questionarem-a-sua-saude","status":"publish","type":"post","link":"https:\/\/www.europesays.com\/pt\/183916\/","title":{"rendered":"Donald Trump acusa os media de trai\u00e7\u00e3o por questionarem a sua sa\u00fade"},"content":{"rendered":"<p data-remotead-prev-elm=\"true\" data-remotead-elm-id=\"inread\">O republicano publicou uma longa mensagem na ter\u00e7a-feira \u00e0 noite na sua rede social Truth Social, atacando o importante jornal nova-iorquino e outros \u00f3rg\u00e3os de comunica\u00e7\u00e3o social por sugerirem que o seu ritmo de vida estava a abrandar.<\/p>\n<p>&#8220;Acho mesmo que \u00e9 sedi\u00e7\u00e3o, talvez at\u00e9 trai\u00e7\u00e3o, quando o &#8216;The New York Times&#8217; e outros continuam a publicar artigos falsos para difamar e menosprezar o presidente dos EUA&#8221;, escreveu Donald Trump.<\/p>\n<p>Aos 79 anos, \u00e9 o presidente mais velho alguma vez eleito nos EUA. &#8220;Nunca nenhum presidente trabalhou tanto como eu&#8221;, afirmou, acrescentando que foi submetido a exames m\u00e9dicos &#8220;longos, minuciosos e muito fastidiosos&#8221;.<\/p>\n<p data-remotead-prev-elm=\"true\" data-remotead-elm-id=\"centro1\">Vangloriou-se tamb\u00e9m, mais uma vez, de ter &#8220;tirado nota m\u00e1xima&#8221; em testes cognitivos que, segundo ele, nenhum dos seus antecessores tinha feito alguma vez.<\/p>\n<p>O republicano frisou ainda que &#8220;o melhor que poderia acontecer a este pa\u00eds seria o &#8216;The New York Times&#8217; deixar de ser publicado&#8221;, depois de o jornal ter publicado recentemente um artigo destacando que a sua agenda di\u00e1ria era menos agitada do que durante o seu primeiro mandato e referindo que parecia dormitar durante eventos p\u00fablicos.<\/p>\n<p>&#8220;Os americanos t\u00eam direito a um jornalismo aprofundado e a atualiza\u00e7\u00f5es regulares sobre a sa\u00fade das autoridades que elegem&#8221;, reagiu Nicole Taylor, porta-voz do jornal, num comunicado enviado \u00e0 ag\u00eancia France-Presse (AFP).<\/p>\n<p data-remotead-prev-elm=\"true\" data-remotead-elm-id=\"centro2\">&#8220;O senhor Trump elogiou o nosso trabalho sobre a idade e a sa\u00fade dos seus antecessores. Estamos a aplicar o mesmo interesse jornal\u00edstico \u00e0 sua vitalidade&#8221;, acrescentou.<\/p>\n<p>Ao longo da campanha, o bilion\u00e1rio atacou implacavelmente o seu antecessor e rival democrata, Joe Biden, retratando-o como senil.<\/p>\n<p>O presidente norte-americano foi submetido a um exame m\u00e9dico em outubro, incluindo uma resson\u00e2ncia magn\u00e9tica, e o seu m\u00e9dico afirmou que estava de excelente sa\u00fade, principalmente em rela\u00e7\u00e3o ao sistema cardiovascular.<\/p>\n<p data-remotead-prev-elm=\"true\" data-remotead-elm-id=\"centro3\">Tinha sido visto com hematomas na m\u00e3o direita e os tornozelos inchados.<\/p>\n<p>Mas a Casa Branca alegou que os hematomas se deviam a &#8220;apertos de m\u00e3o frequentes&#8221; e ao seu uso rotineiro de aspirina como tratamento cardiovascular.<\/p>\n","protected":false},"excerpt":{"rendered":"O republicano publicou uma longa mensagem na ter\u00e7a-feira \u00e0 noite na sua rede social Truth Social, atacando o&hellip;\n","protected":false},"author":2,"featured_media":183917,"comment_status":"","ping_status":"","sticky":false,"template":"","format":"standard","meta":{"footnotes":""},"categories":[8],"tags":[27,28,92,413,15,16,14,25,26,21,22,715,62,12,13,19,20,32,23,24,33,17,18,29,30,31],"class_list":{"0":"post-183916","1":"post","2":"type-post","3":"status-publish","4":"format-standard","5":"has-post-thumbnail","7":"category-principais-noticias","8":"tag-breaking-news","9":"tag-breakingnews","10":"tag-donald-trump","11":"tag-eua","12":"tag-featured-news","13":"tag-featurednews","14":"tag-headlines","15":"tag-latest-news","16":"tag-latestnews","17":"tag-main-news","18":"tag-mainnews","19":"tag-media","20":"tag-mundo","21":"tag-news","22":"tag-noticias","23":"tag-noticias-principais","24":"tag-noticiasprincipais","25":"tag-portugal","26":"tag-principais-noticias","27":"tag-principaisnoticias","28":"tag-pt","29":"tag-top-stories","30":"tag-topstories","31":"tag-ultimas","32":"tag-ultimas-noticias","33":"tag-ultimasnoticias"},"share_on_mastodon":{"url":"https:\/\/pubeurope.com\/@pt\/115700493587127460","error":""},"_links":{"self":[{"href":"https:\/\/www.europesays.com\/pt\/wp-json\/wp\/v2\/posts\/183916","targetHints":{"allow":["GET"]}}],"collection":[{"href":"https:\/\/www.europesays.com\/pt\/wp-json\/wp\/v2\/posts"}],"about":[{"href":"https:\/\/www.europesays.com\/pt\/wp-json\/wp\/v2\/types\/post"}],"author":[{"embeddable":true,"href":"https:\/\/www.europesays.com\/pt\/wp-json\/wp\/v2\/users\/2"}],"replies":[{"embeddable":true,"href":"https:\/\/www.europesays.com\/pt\/wp-json\/wp\/v2\/comments?post=183916"}],"version-history":[{"count":0,"href":"https:\/\/www.europesays.com\/pt\/wp-json\/wp\/v2\/posts\/183916\/revisions"}],"wp:featuredmedia":[{"embeddable":true,"href":"https:\/\/www.europesays.com\/pt\/wp-json\/wp\/v2\/media\/183917"}],"wp:attachment":[{"href":"https:\/\/www.europesays.com\/pt\/wp-json\/wp\/v2\/media?parent=183916"}],"wp:term":[{"taxonomy":"category","embeddable":true,"href":"https:\/\/www.europesays.com\/pt\/wp-json\/wp\/v2\/categories?post=183916"},{"taxonomy":"post_tag","embeddable":true,"href":"https:\/\/www.europesays.com\/pt\/wp-json\/wp\/v2\/tags?post=183916"}],"curies":[{"name":"wp","href":"https:\/\/api.w.org\/{rel}","templated":true}]}}