{"id":183930,"date":"2025-12-11T10:49:18","date_gmt":"2025-12-11T10:49:18","guid":{"rendered":"https:\/\/www.europesays.com\/pt\/183930\/"},"modified":"2025-12-11T10:49:18","modified_gmt":"2025-12-11T10:49:18","slug":"metro-do-mondego-liga-coimbra-a-serpins-a-partir-de-16-de-dezembro","status":"publish","type":"post","link":"https:\/\/www.europesays.com\/pt\/183930\/","title":{"rendered":"Metro do Mondego liga Coimbra a Serpins a partir de 16 de dezembro"},"content":{"rendered":"<p data-remotead-prev-elm=\"true\" data-remotead-elm-id=\"inread\">A primeira fase do Sistema de Mobilidade do Mondego (SMM) entra em opera\u00e7\u00e3o no pr\u00f3ximo dia 16 de dezembro, ter\u00e7a-feira, quando, \u00e0s 5.30 horas, o primeiro metrobus a sair de Serpins (Lous\u00e3) com destino a Portagem (Coimbra). A informa\u00e7\u00e3o foi avan\u00e7ada esta quarta-feira pelo Minist\u00e9rio das Infraestruturas e Habita\u00e7\u00e3o, acrescentando que durante este m\u00eas, o servi\u00e7o ser\u00e1 gratuito.<\/p>\n<p>O Metro do Mondego ir\u00e1, nesta primeira fase, fazer liga\u00e7\u00f5es frequentes entre Portagem e Serpins, num percurso de 36 quil\u00f3metros, com 27 esta\u00e7\u00f5es, que abrange tr\u00eas concelhos &#8211; Lous\u00e3, Miranda do Corvo e Coimbra.<\/p>\n<p>A opera\u00e7\u00e3o no tro\u00e7o urbano entre as esta\u00e7\u00f5es da Portagem e Vale das Flores, na cidade de Coimbra, entrou em funcionamento a 29 de agosto, tamb\u00e9m de forma gratuita. Com o alargamento a Serpins, no munic\u00edpio da Lous\u00e3, conclui-se o arranque da primeira fase da opera\u00e7\u00e3o.<\/p>\n<p data-remotead-prev-elm=\"true\" data-remotead-elm-id=\"centro1\">O Sistema de Mobilidade do Mondego representa um investimento total de 220 milh\u00f5es de euros &#8211; com financiamento do Or\u00e7amento de Estado, do Sustent\u00e1vel 2030 e do POSEUR &#8211; &#8220;e fomenta a coes\u00e3o urbana entre estes munic\u00edpios, promovendo o desenvolvimento local e o combate \u00e0 pobreza de mobilidade&#8221;, refere o Minist\u00e9rio. Estima-se que seja utilizado por 13 milh\u00f5es de passageiros\/ano.<\/p>\n<p>O percurso ser\u00e1 feito em sistema BRT (Bus Rapid Transit), &#8220;recorrendo a ve\u00edculos modernos, sustent\u00e1veis \u200b\u200be de f\u00e1cil acessibilidade numa resposta clara \u00e0s melhores pr\u00e1ticas ambientais e \u00e0 necessidade de inclus\u00e3o de pessoas com mobilidade reduzida&#8221;, acrescenta em comunicado.<\/p>\n<p>Para uma segunda fase, que se perspetiva at\u00e9 2027, est\u00e1 a liga\u00e7\u00e3o entre a Portagem e a esta\u00e7\u00e3o de Coimbra B e, posteriormente, com o percurso a estender-se aos hospitais Central e Pedi\u00e1trico, na zona de Celas.<\/p>\n<p>A entrada na opera\u00e7\u00e3o do Metro do Mondego acontece depois de, ao longo de tr\u00eas d\u00e9cadas, este projeto de mobilidade ter sofrido v\u00e1rias altera\u00e7\u00f5es, suspens\u00f5es e adiamentos.<\/p>\n","protected":false},"excerpt":{"rendered":"A primeira fase do Sistema de Mobilidade do Mondego (SMM) entra em opera\u00e7\u00e3o no pr\u00f3ximo dia 16 de&hellip;\n","protected":false},"author":2,"featured_media":183931,"comment_status":"","ping_status":"","sticky":false,"template":"","format":"standard","meta":{"footnotes":""},"categories":[8],"tags":[27,28,29579,15,16,14,25,26,21,22,37466,12,13,19,20,32,23,24,33,37467,17,18,29,30,31],"class_list":{"0":"post-183930","1":"post","2":"type-post","3":"status-publish","4":"format-standard","5":"has-post-thumbnail","7":"category-principais-noticias","8":"tag-breaking-news","9":"tag-breakingnews","10":"tag-concelho-coimbra","11":"tag-featured-news","12":"tag-featurednews","13":"tag-headlines","14":"tag-latest-news","15":"tag-latestnews","16":"tag-main-news","17":"tag-mainnews","18":"tag-metro-mondego","19":"tag-news","20":"tag-noticias","21":"tag-noticias-principais","22":"tag-noticiasprincipais","23":"tag-portugal","24":"tag-principais-noticias","25":"tag-principaisnoticias","26":"tag-pt","27":"tag-serpins","28":"tag-top-stories","29":"tag-topstories","30":"tag-ultimas","31":"tag-ultimas-noticias","32":"tag-ultimasnoticias"},"share_on_mastodon":{"url":"https:\/\/pubeurope.com\/@pt\/115700548634822531","error":""},"_links":{"self":[{"href":"https:\/\/www.europesays.com\/pt\/wp-json\/wp\/v2\/posts\/183930","targetHints":{"allow":["GET"]}}],"collection":[{"href":"https:\/\/www.europesays.com\/pt\/wp-json\/wp\/v2\/posts"}],"about":[{"href":"https:\/\/www.europesays.com\/pt\/wp-json\/wp\/v2\/types\/post"}],"author":[{"embeddable":true,"href":"https:\/\/www.europesays.com\/pt\/wp-json\/wp\/v2\/users\/2"}],"replies":[{"embeddable":true,"href":"https:\/\/www.europesays.com\/pt\/wp-json\/wp\/v2\/comments?post=183930"}],"version-history":[{"count":0,"href":"https:\/\/www.europesays.com\/pt\/wp-json\/wp\/v2\/posts\/183930\/revisions"}],"wp:featuredmedia":[{"embeddable":true,"href":"https:\/\/www.europesays.com\/pt\/wp-json\/wp\/v2\/media\/183931"}],"wp:attachment":[{"href":"https:\/\/www.europesays.com\/pt\/wp-json\/wp\/v2\/media?parent=183930"}],"wp:term":[{"taxonomy":"category","embeddable":true,"href":"https:\/\/www.europesays.com\/pt\/wp-json\/wp\/v2\/categories?post=183930"},{"taxonomy":"post_tag","embeddable":true,"href":"https:\/\/www.europesays.com\/pt\/wp-json\/wp\/v2\/tags?post=183930"}],"curies":[{"name":"wp","href":"https:\/\/api.w.org\/{rel}","templated":true}]}}