{"id":183942,"date":"2025-12-11T11:04:19","date_gmt":"2025-12-11T11:04:19","guid":{"rendered":"https:\/\/www.europesays.com\/pt\/183942\/"},"modified":"2025-12-11T11:04:19","modified_gmt":"2025-12-11T11:04:19","slug":"pai-de-amy-winehouse-processa-amigas-da-filha-veja-motivos","status":"publish","type":"post","link":"https:\/\/www.europesays.com\/pt\/183942\/","title":{"rendered":"Pai de Amy Winehouse processa amigas da filha; veja motivos"},"content":{"rendered":"<p>\n                        Pai de Amy Winehouse entrou com processo civil e tamb\u00e9m em nome da funda\u00e7\u00e3o, com disputa financeira acirrada entre as partes.\n                    <\/p>\n<ul class=\"article__header__author\">\n<li class=\"article__header__author__item\">\n                                                Por:<br \/>\n                                                                                    Reda\u00e7\u00e3o \/ Famosos e Celebridades\n                                                                        <\/li>\n<\/ul>\n<p class=\"text\">O clima pegou fogo no Tribunal Superior de Londres ap\u00f3s Mitchell Winehouse, pai de Amy Winehouse, abrir um processo contra duas amigas pr\u00f3ximas da cantora. Ele acusa Naomi Parry, ex-estilista, e Catriona Gourlay, ex-colega de apartamento, de lucrar indevidamente com cerca de 150 pe\u00e7as e objetos pessoais leiloados entre 2021 e 2023, que somaram 730 mil libras (R$ 5,2 milh\u00f5es). Entre os itens vendidos estavam vestidos usados na \u00faltima turn\u00ea da artista, realizada um m\u00eas antes de sua morte, em 2011.<\/p>\n<p><img loading=\"lazy\" decoding=\"async\" alt=\"Pai de Amy Winehouse processa amigas da filha; veja motivos\" class=\"img-0e16865b78e2d0f6f98e6020d4526cf6bzs8dqdn\" height=\"435\" src=\"https:\/\/www.europesays.com\/pt\/wp-content\/uploads\/2025\/12\/725875503-amy-winehouse.jpg\"  title=\"Pai de Amy Winehouse processa amigas da filha; veja motivos\" width=\"774\"\/><\/p>\n<p>Pai de Amy Winehouse processa amigas da filha; veja motivos<\/p>\n<p>Foto: Reprodu\u00e7\u00e3o\/Instagram \/ Famosos e Celebridades<\/p>\n<p class=\"text\">A defesa de Mitchell afirma que todo o acervo pertencia legalmente \u00e0 fam\u00edlia e que os valores deveriam ter sido destinados a eles e \u00e0 Amy Winehouse Foundation. J\u00e1 as acusadas alegam que muitas das pe\u00e7as foram dadas ou emprestadas pela pr\u00f3pria cantora ao longo dos anos, sem qualquer registro formal. &#8220;Se uma jovem de 19 anos d\u00e1 um len\u00e7o ou um par de brincos \u00e0 amiga, ningu\u00e9m assina um contrato&#8221;, argumentou o advogado Ted Loveday, refor\u00e7ando a generosidade da artista.<\/p>\n<p class=\"text\">O processo tamb\u00e9m revela que Mitchell teria proposto um acordo para ficar com 30% dos lucros, o que foi recusado pelas amigas. Agora, ele cobra o valor integral das vendas. As audi\u00eancias seguem at\u00e9 sexta-feira, e o caso reacende discuss\u00f5es sobre heran\u00e7a, mem\u00f3ria e quem realmente pode lucrar com o legado deixado por uma das vozes mais ic\u00f4nicas de sua gera\u00e7\u00e3o.<\/p>\n","protected":false},"excerpt":{"rendered":"Pai de Amy Winehouse entrou com processo civil e tamb\u00e9m em nome da funda\u00e7\u00e3o, com disputa financeira acirrada&hellip;\n","protected":false},"author":2,"featured_media":183943,"comment_status":"","ping_status":"","sticky":false,"template":"","format":"standard","meta":{"footnotes":""},"categories":[145],"tags":[211,210,114,115,32,33],"class_list":{"0":"post-183942","1":"post","2":"type-post","3":"status-publish","4":"format-standard","5":"has-post-thumbnail","7":"category-celebridades","8":"tag-celebridades","9":"tag-celebrities","10":"tag-entertainment","11":"tag-entretenimento","12":"tag-portugal","13":"tag-pt"},"share_on_mastodon":{"url":"https:\/\/pubeurope.com\/@pt\/115700609723478862","error":""},"_links":{"self":[{"href":"https:\/\/www.europesays.com\/pt\/wp-json\/wp\/v2\/posts\/183942","targetHints":{"allow":["GET"]}}],"collection":[{"href":"https:\/\/www.europesays.com\/pt\/wp-json\/wp\/v2\/posts"}],"about":[{"href":"https:\/\/www.europesays.com\/pt\/wp-json\/wp\/v2\/types\/post"}],"author":[{"embeddable":true,"href":"https:\/\/www.europesays.com\/pt\/wp-json\/wp\/v2\/users\/2"}],"replies":[{"embeddable":true,"href":"https:\/\/www.europesays.com\/pt\/wp-json\/wp\/v2\/comments?post=183942"}],"version-history":[{"count":0,"href":"https:\/\/www.europesays.com\/pt\/wp-json\/wp\/v2\/posts\/183942\/revisions"}],"wp:featuredmedia":[{"embeddable":true,"href":"https:\/\/www.europesays.com\/pt\/wp-json\/wp\/v2\/media\/183943"}],"wp:attachment":[{"href":"https:\/\/www.europesays.com\/pt\/wp-json\/wp\/v2\/media?parent=183942"}],"wp:term":[{"taxonomy":"category","embeddable":true,"href":"https:\/\/www.europesays.com\/pt\/wp-json\/wp\/v2\/categories?post=183942"},{"taxonomy":"post_tag","embeddable":true,"href":"https:\/\/www.europesays.com\/pt\/wp-json\/wp\/v2\/tags?post=183942"}],"curies":[{"name":"wp","href":"https:\/\/api.w.org\/{rel}","templated":true}]}}