{"id":183954,"date":"2025-12-11T11:13:10","date_gmt":"2025-12-11T11:13:10","guid":{"rendered":"https:\/\/www.europesays.com\/pt\/183954\/"},"modified":"2025-12-11T11:13:10","modified_gmt":"2025-12-11T11:13:10","slug":"buraco-negro-surpreende-astronomos-com-ventos-ultra-rapidos-semelhantes-a-erupcoes-solares-ciencia","status":"publish","type":"post","link":"https:\/\/www.europesays.com\/pt\/183954\/","title":{"rendered":"Buraco negro surpreende astr\u00f3nomos com ventos ultra-r\u00e1pidos semelhantes a erup\u00e7\u00f5es solares &#8211; Ci\u00eancia"},"content":{"rendered":"<p>Para estudarem a NGC 3783 e o seu buraco negro, a equipa de astr\u00f3nomos, que publicou as conclus\u00f5es do seu estudo num artigo na revista cient\u00edfica <a href=\"https:\/\/www.aanda.org\/articles\/aa\/full_html\/2025\/12\/aa57189-25\/aa57189-25.html\" rel=\"nofollow noopener\" target=\"_blank\">Astronomy &amp; Astrophysics<\/a>, usou o <strong>XMM-Newton, da Ag\u00eancia Espacial Europeia (ESA) e o <a href=\"https:\/\/tek.sapo.pt\/pesquisar?q=XRISM\" target=\"_blank\" rel=\"noopener noreferrer nofollow\">XRISM<\/a>, que faz parte de uma miss\u00e3o liderada pela Ag\u00eancia Espacial Japonesa (JAXA).<\/strong><\/p>\n<p><b data-stringify-type=\"bold\">N\u00e3o perca nenhuma not\u00edcia importante da atualidade de tecnologia e\u00a0<\/b><b data-stringify-type=\"bold\"><a class=\"c-link\" href=\"https:\/\/tek.sapo.pt\/\" target=\"_blank\" rel=\"noopener noreferrer nofollow\" data-stringify-link=\"https:\/\/tek.sapo.pt\/\" data-sk=\"tooltip_parent\">acompanhe tudo em tek.sapo.pt<\/a><\/b><\/p>\n<p>Atrav\u00e9s dos telesc\u00f3pios, <strong>os investigadores observaram uma s\u00fabita erup\u00e7\u00e3o de raios X, que brilhou de maneira intensa antes de desaparecer rapidamente<\/strong>. \u00c0 medida que o brilho diminui, surgiam ventos ultra-r\u00e1pidos, <strong>a uma velocidade de 60.000 quil\u00f3metros por segundo, o equivalente a um quinto da velocidade da luz.<\/strong><\/p>\n<p>  <a href=\"https:\/\/mb.web.sapo.io\/a714a61162db8f4b0bf55303faa438874f7bd4c3.jpg\" title=\"Gal\u00e1xia NGC 3783\" data-ps-trigger=\"\" data-index=\"1\" data-ps-single-photo=\"true\" target=\"_blank\" rel=\"nofollow noopener\">  Gal\u00e1xia NGC 3783<\/p>\n<p>Gal\u00e1xia NGC 3783 fotografada pelo Hubble<\/p>\n<p>cr\u00e9ditos: ESA\/Hubble &amp; NASA, M. C. Bentz, D. J. V. Rosario<\/p>\n<p>&#8221; data-title=&#8221;Gal\u00e1xia NGC 3783 &#8211; Buraco negro surpreende astr\u00f3nomos com ventos ultra-r\u00e1pidos semelhantes a erup\u00e7\u00f5es solares &#8211; Tek Not\u00edcias&#8221;&gt;                <img decoding=\"async\" src=\"https:\/\/www.europesays.com\/pt\/wp-content\/uploads\/2025\/12\/WDpvM26M=.jpeg\" alt=\"Gal\u00e1xia NGC 3783\" title=\"Gal\u00e1xia NGC 3783\"\/>   <\/a>     Gal\u00e1xia NGC 3783   Gal\u00e1xia NGC 3783 fotografada pelo Hubble   cr\u00e9ditos: ESA\/Hubble &amp; NASA, M. C. Bentz, D. J. V. Rosario     <\/p>\n<p><strong>\u201cNunca t\u00ednhamos visto um buraco negro a gerar ventos com esta rapidez\u201d<\/strong>, explica Liyi Gu, investigador da Space Research Organisation Netherlands (SRON), citado pela ESA <a href=\"https:\/\/www.esa.int\/Science_Exploration\/Space_Science\/XMM-Newton\/Flaring_black_hole_whips_up_ultra-fast_winds\" rel=\"nofollow noopener\" target=\"_blank\">em comunicado<\/a>.\u00a0\u201cPela primeira vez, observ\u00e1mos como um surto r\u00e1pido de raios X \u00e9 capaz de disparar ventos ultra-r\u00e1pidos quase de imediato, com estes ventos a formarem-se em apenas um dia\u201d, detalha.<\/p>\n<p><strong>O buraco negro no centro da NGC 3783 tem uma massa equivalente a 30 milh\u00f5es de s\u00f3is.<\/strong> \u00c0 medida que consome mat\u00e9ria \u00e0 sua volta, o buraco negro <strong>alimenta uma regi\u00e3o extremamente ativa no cora\u00e7\u00e3o da gal\u00e1xia, conhcida como N\u00facleo Gal\u00e1ctico Ativo (AGN)<\/strong>.<\/p>\n<p>Matteo Guainazzi, cientista da miss\u00e3o XRISM na ESA e coautor do estudo, explica que o<strong>s ventos em torno do buraco negro parecem ter sido gerados quando o campo magn\u00e9tico do AGN se \u201cdesenrolou\u201d repentinamente<\/strong>, de maneira semelhante a uma erup\u00e7\u00e3o solar, mas numa \u201cescala quase inimagin\u00e1vel\u201d.<\/p>\n<p>  <a href=\"https:\/\/mb.web.sapo.io\/8d12201e96fa79a1ed7c15bc3d139f67907f65c1.jpg\" title=\"Buraco negro supermassivo surpreende astr\u00f3nomos com ventos ultra-r\u00e1pidos semelhantes a erup\u00e7\u00f5es solares\" data-ps-trigger=\"\" data-index=\"1\" data-ps-single-photo=\"true\" target=\"_blank\" rel=\"nofollow noopener\">  Buraco negro supermassivo surpreende astr\u00f3nomos com ventos ultra-r\u00e1pidos semelhantes a erup\u00e7\u00f5es solares<\/p>\n<p>Ilustra\u00e7\u00e3o do buraco negro supermassivo na gal\u00e1xia NGC 3783<\/p>\n<p>cr\u00e9ditos: ESA<\/p>\n<p>&#8221; data-title=&#8221;Buraco negro supermassivo surpreende astr\u00f3nomos com ventos ultra-r\u00e1pidos semelhantes a erup\u00e7\u00f5es solares &#8211; Buraco negro surpreende astr\u00f3nomos com ventos ultra-r\u00e1pidos semelhantes a erup\u00e7\u00f5es solares &#8211; Tek Not\u00edcias&#8221;&gt;                <img decoding=\"async\" src=\"https:\/\/www.europesays.com\/pt\/wp-content\/uploads\/2025\/12\/jOeVRaXkqtrGI6oREpYF10KX600A0=.jpeg\" alt=\"Buraco negro supermassivo surpreende astr\u00f3nomos com ventos ultra-r\u00e1pidos semelhantes a erup\u00e7\u00f5es solares\" title=\"Buraco negro supermassivo surpreende astr\u00f3nomos com ventos ultra-r\u00e1pidos semelhantes a erup\u00e7\u00f5es solares\"\/>   <\/a>     Buraco negro supermassivo surpreende astr\u00f3nomos com ventos ultra-r\u00e1pidos semelhantes a erup\u00e7\u00f5es solares   Ilustra\u00e7\u00e3o do buraco negro supermassivo na gal\u00e1xia NGC 3783   cr\u00e9ditos: ESA     <\/p>\n<p>Como aponta a ESA, os ventos observados fazem lembrar as eje\u00e7\u00f5es de massa coronal do Sol, com o estudo a sugerir que, <strong>de certa forma, os buracos negros supermassivos podem comportar-se de maneira semelhante ao nosso astro-rei.<\/strong><\/p>\n<p>Os ventos dos N\u00facleos Gal\u00e1cticos Ativos desempenham um papel importante na evolu\u00e7\u00e3o das gal\u00e1xias e na forma\u00e7\u00e3o de novas estrelas, afirma Camille Diez, investigadora da ESA. <strong>\u201cDevido ao enorme impacto que t\u00eam, compreender melhor o magnetismo dos AGNs e a forma como conseguem criar ventos deste tipo \u00e9 fundamental para entendermos a evolu\u00e7\u00e3o das gal\u00e1xias no Universo\u201d<\/strong>, real\u00e7a.<\/p>\n<p>Assine a\u00a0<a class=\"c-link\" href=\"https:\/\/teknoticias.us15.list-manage.com\/subscribe?u=9a06a5af5e9150806abc02bae&amp;id=ef9b27090d\" target=\"_blank\" rel=\"noopener noreferrer nofollow\" data-stringify-link=\"https:\/\/teknoticias.us15.list-manage.com\/subscribe?u=9a06a5af5e9150806abc02bae&amp;id=ef9b27090d\" data-sk=\"tooltip_parent\">newsletter do TEK Not\u00edcias<\/a>\u00a0e receba todos os dias as principais not\u00edcias de tecnologia na sua caixa de correio.<\/p>\n","protected":false},"excerpt":{"rendered":"Para estudarem a NGC 3783 e o seu buraco negro, a equipa de astr\u00f3nomos, que publicou as conclus\u00f5es&hellip;\n","protected":false},"author":2,"featured_media":183955,"comment_status":"","ping_status":"","sticky":false,"template":"","format":"standard","meta":{"footnotes":""},"categories":[84],"tags":[109,107,108,32,33,105,103,104,106,110],"class_list":{"0":"post-183954","1":"post","2":"type-post","3":"status-publish","4":"format-standard","5":"has-post-thumbnail","7":"category-ciencia-e-tecnologia","8":"tag-ciencia","9":"tag-ciencia-e-tecnologia","10":"tag-cienciaetecnologia","11":"tag-portugal","12":"tag-pt","13":"tag-science","14":"tag-science-and-technology","15":"tag-scienceandtechnology","16":"tag-technology","17":"tag-tecnologia"},"share_on_mastodon":{"url":"https:\/\/pubeurope.com\/@pt\/115700643373254519","error":""},"_links":{"self":[{"href":"https:\/\/www.europesays.com\/pt\/wp-json\/wp\/v2\/posts\/183954","targetHints":{"allow":["GET"]}}],"collection":[{"href":"https:\/\/www.europesays.com\/pt\/wp-json\/wp\/v2\/posts"}],"about":[{"href":"https:\/\/www.europesays.com\/pt\/wp-json\/wp\/v2\/types\/post"}],"author":[{"embeddable":true,"href":"https:\/\/www.europesays.com\/pt\/wp-json\/wp\/v2\/users\/2"}],"replies":[{"embeddable":true,"href":"https:\/\/www.europesays.com\/pt\/wp-json\/wp\/v2\/comments?post=183954"}],"version-history":[{"count":0,"href":"https:\/\/www.europesays.com\/pt\/wp-json\/wp\/v2\/posts\/183954\/revisions"}],"wp:featuredmedia":[{"embeddable":true,"href":"https:\/\/www.europesays.com\/pt\/wp-json\/wp\/v2\/media\/183955"}],"wp:attachment":[{"href":"https:\/\/www.europesays.com\/pt\/wp-json\/wp\/v2\/media?parent=183954"}],"wp:term":[{"taxonomy":"category","embeddable":true,"href":"https:\/\/www.europesays.com\/pt\/wp-json\/wp\/v2\/categories?post=183954"},{"taxonomy":"post_tag","embeddable":true,"href":"https:\/\/www.europesays.com\/pt\/wp-json\/wp\/v2\/tags?post=183954"}],"curies":[{"name":"wp","href":"https:\/\/api.w.org\/{rel}","templated":true}]}}