{"id":183956,"date":"2025-12-11T11:16:09","date_gmt":"2025-12-11T11:16:09","guid":{"rendered":"https:\/\/www.europesays.com\/pt\/183956\/"},"modified":"2025-12-11T11:16:09","modified_gmt":"2025-12-11T11:16:09","slug":"figura-central-do-crime-financeiro-em-espanha-foi-detida-no-algarve","status":"publish","type":"post","link":"https:\/\/www.europesays.com\/pt\/183956\/","title":{"rendered":"Figura central do crime financeiro em Espanha foi detida no Algarve"},"content":{"rendered":"<p data-remotead-prev-elm=\"true\" data-remotead-elm-id=\"inread\">Natalio Grueso tinha sido condenado em tribunal a oito anos de pris\u00e3o por desviar fundos do Centro Cultural Internacional \u00d3scar Niemeyer, entre 2006 e 2011, em benef\u00edcio pr\u00f3prio. Para que tal fosse poss\u00edvel, falsificou documentos da institui\u00e7\u00e3o.<\/p>\n<p>A deten\u00e7\u00e3o do espanhol aconteceu no dia 4 de dezembro, em Olh\u00e3o, explica a Pol\u00edcia Judici\u00e1ria em comunicado, em articula\u00e7\u00e3o com a Guarda Civil. Sob o foragido, de 55 anos, pendia um mandado de deten\u00e7\u00e3o europeu pelos crimes de peculato e falsifica\u00e7\u00e3o.<\/p>\n<p>Grueso estava em fuga desde o final de 2023, ap\u00f3s a decis\u00e3o do Tribunal Supremo espanhol, que o considerou figura central num esquema de il\u00edcitos financeiros conhecido como &#8220;Caso Niemeyer&#8221;.<\/p>\n<p data-remotead-prev-elm=\"true\" data-remotead-elm-id=\"centro1\">Al\u00e9m de utilizar fundos para si, as falsifica\u00e7\u00f5es permitiram ainda desviar para amigos e fam\u00edlia dinheiro da institui\u00e7\u00e3o cultural que liderava.<\/p>\n<p>O detido foi presente ao Tribunal da Rela\u00e7\u00e3o de \u00c9vora, encontrando-se a aguardar o processo de extradi\u00e7\u00e3o para Espanha.<\/p>\n","protected":false},"excerpt":{"rendered":"Natalio Grueso tinha sido condenado em tribunal a oito anos de pris\u00e3o por desviar fundos do Centro Cultural&hellip;\n","protected":false},"author":2,"featured_media":183957,"comment_status":"","ping_status":"","sticky":false,"template":"","format":"standard","meta":{"footnotes":""},"categories":[10],"tags":[27,28,37479,3853,640,15,16,14,603,25,26,21,22,12,13,19,20,33350,32,23,24,33,17,18,29,30,31],"class_list":{"0":"post-183956","1":"post","2":"type-post","3":"status-publish","4":"format-standard","5":"has-post-thumbnail","7":"category-portugal","8":"tag-breaking-news","9":"tag-breakingnews","10":"tag-concelho-olhao","11":"tag-detencao","12":"tag-espanha","13":"tag-featured-news","14":"tag-featurednews","15":"tag-headlines","16":"tag-justica","17":"tag-latest-news","18":"tag-latestnews","19":"tag-main-news","20":"tag-mainnews","21":"tag-news","22":"tag-noticias","23":"tag-noticias-principais","24":"tag-noticiasprincipais","25":"tag-peculato","26":"tag-portugal","27":"tag-principais-noticias","28":"tag-principaisnoticias","29":"tag-pt","30":"tag-top-stories","31":"tag-topstories","32":"tag-ultimas","33":"tag-ultimas-noticias","34":"tag-ultimasnoticias"},"share_on_mastodon":{"url":"https:\/\/pubeurope.com\/@pt\/115700655091743069","error":""},"_links":{"self":[{"href":"https:\/\/www.europesays.com\/pt\/wp-json\/wp\/v2\/posts\/183956","targetHints":{"allow":["GET"]}}],"collection":[{"href":"https:\/\/www.europesays.com\/pt\/wp-json\/wp\/v2\/posts"}],"about":[{"href":"https:\/\/www.europesays.com\/pt\/wp-json\/wp\/v2\/types\/post"}],"author":[{"embeddable":true,"href":"https:\/\/www.europesays.com\/pt\/wp-json\/wp\/v2\/users\/2"}],"replies":[{"embeddable":true,"href":"https:\/\/www.europesays.com\/pt\/wp-json\/wp\/v2\/comments?post=183956"}],"version-history":[{"count":0,"href":"https:\/\/www.europesays.com\/pt\/wp-json\/wp\/v2\/posts\/183956\/revisions"}],"wp:featuredmedia":[{"embeddable":true,"href":"https:\/\/www.europesays.com\/pt\/wp-json\/wp\/v2\/media\/183957"}],"wp:attachment":[{"href":"https:\/\/www.europesays.com\/pt\/wp-json\/wp\/v2\/media?parent=183956"}],"wp:term":[{"taxonomy":"category","embeddable":true,"href":"https:\/\/www.europesays.com\/pt\/wp-json\/wp\/v2\/categories?post=183956"},{"taxonomy":"post_tag","embeddable":true,"href":"https:\/\/www.europesays.com\/pt\/wp-json\/wp\/v2\/tags?post=183956"}],"curies":[{"name":"wp","href":"https:\/\/api.w.org\/{rel}","templated":true}]}}