{"id":183958,"date":"2025-12-11T11:17:24","date_gmt":"2025-12-11T11:17:24","guid":{"rendered":"https:\/\/www.europesays.com\/pt\/183958\/"},"modified":"2025-12-11T11:17:24","modified_gmt":"2025-12-11T11:17:24","slug":"talento-a-solta-e-nota-artistica-benfica-vence-e-fecha-fase-de-liga-da-youth-league-no-top-6-cronica","status":"publish","type":"post","link":"https:\/\/www.europesays.com\/pt\/183958\/","title":{"rendered":"Talento \u00e0 solta e nota art\u00edstica: Benfica vence e fecha fase de liga da Youth League no top-6 (cr\u00f3nica)"},"content":{"rendered":"<p>O <a class=\"autolink-enabled\" data-resource-id=\"450\" data-resource-type=\"team\" data-sport=\"football\" href=\"https:\/\/www.abola.pt\/futebol\/benfica-450\" rel=\"nofollow noopener\" target=\"_blank\">Benfica<\/a> fechou a fase de liga da <a class=\"autolink-enabled\" data-resource-id=\"552\" data-resource-type=\"competition\" data-sport=\"football\" href=\"https:\/\/www.abola.pt\/futebol\/competicao\/uefa-youth-league-552\" rel=\"nofollow noopener\" target=\"_blank\">UEFA Youth League<\/a> com uma vit\u00f3ria diante do <a class=\"autolink-enabled\" data-resource-id=\"262\" data-resource-type=\"team\" data-sport=\"football\" href=\"https:\/\/www.abola.pt\/futebol\/ssc-napoles-262\" rel=\"nofollow noopener\" target=\"_blank\">N\u00e1poles<\/a>, por 3-0, na sexta jornada. As \u00e1guias entraram em campo com os 16 avos de final garantidos, mas com o objetivo de fechar esta fase no top-6&#8230; algo que acabariam por conseguir.\u00a0<\/p>\n<p>V\u00edtor Vinha lan\u00e7ou dois campe\u00f5es do Mundo de sub-17 no onze \u2013 Daniel Banjaqui e Rafael Quintas. Rapidamente o Benfica criou perigo para a baliza de Spinelli. Logo aos 2 minutos, os encarnados recuperaram a bola em zona adiantada e Gon\u00e7alo Moreira atirou ao poste esquerdo da baliza italiana. \u00a0<\/p>\n<p>Aos 6\u2019, eis o primeiro sinal de perigo do N\u00e1poles, ainda que de maneira t\u00edmida. Barido, numa jogada da direita para o meio, entrou na \u00e1rea e rematou fraco para as m\u00e3os de Diogo Ferreira.\u00a0<\/p>\n<p>\u00c0 passagem do minuto 10, Gon\u00e7alo Moreira sofreu uma falta dura, que valeu cart\u00e3o amarelo para Genovese. Foi o pr\u00f3prio Gon\u00e7alo Moreira a bater o livre. Gon\u00e7alo Oliveira apareceu para cabecear, mas Spinelli estava atento. Aos 18\u2019, Eduardo Fernandes ficou perto do golo com um cruzamento trai\u00e7oeiro que n\u00e3o passou longe do alvo. Francisco Silva ainda tentou o desvio, mas chegou tarde.\u00a0<\/p>\n<p>Pouco antes dos 30\u2019, o Benfica inaugurou o marcador. Eduardo Fernandes perdeu a bola, mas apressou-se a recuper\u00e1-la. Depois de um momento de posse, Gon\u00e7alo Moreira tirou um cruzamento teleguiado da direita e Francisco Silva n\u00e3o desperdi\u00e7ou, cabeceamento para o fundo das redes.\u00a0<\/p>\n<p>A segunda parte arrancou com oportunidades claras para os dois lados. Aos 51\u2019, na sequ\u00eancia de um livre para o N\u00e1poles, Gon\u00e7alo Oliveira desviou de cabe\u00e7a e quase fez autogolo. Valeu Diogo Ferreira, que estava atento e fez uma enorme defesa, segurando o 1-0. \u00a0<\/p>\n<p>O <a class=\"autolink-enabled\" data-resource-id=\"16062\" data-resource-type=\"team\" data-sport=\"football\" href=\"https:\/\/www.abola.pt\/futebol\/benfica-sub-19-16062\" rel=\"nofollow noopener\" target=\"_blank\">Benfica<\/a> reagiu e aproveitou uma oferta do N\u00e1poles para criar perigo. Gon\u00e7alo Moreira s\u00f3 teve olhos para a baliza, conduziu a bola, mas n\u00e3o conseguiu bater Spinelli. Em cima dos 60\u2019, com <a class=\"autolink-enabled\" data-resource-id=\"213596\" data-resource-type=\"player\" data-sport=\"football\" href=\"https:\/\/www.abola.pt\/futebol\/jogador\/samuel-dahl-213596\" rel=\"nofollow noopener\" target=\"_blank\">Samuel Dahl<\/a>, Jos\u00e9 Neto, <a class=\"autolink-enabled\" data-resource-id=\"270296\" data-resource-type=\"player\" data-sport=\"football\" href=\"https:\/\/www.abola.pt\/futebol\/jogador\/joao-rego-270296\" rel=\"nofollow noopener\" target=\"_blank\">Jo\u00e3o Rego<\/a> e <a class=\"autolink-enabled\" data-resource-id=\"246968\" data-resource-type=\"player\" data-sport=\"football\" href=\"https:\/\/www.abola.pt\/futebol\/jogador\/antonio-silva-246968\" rel=\"nofollow noopener\" target=\"_blank\">Ant\u00f3nio Silva<\/a> na bancada a assistir, Francisco Silva arrancou, passou com classe por dois advers\u00e1rios e s\u00f3 n\u00e3o festejou o 2-0 porque Gambardella cortou o esf\u00e9rico&#8230; contra o pr\u00f3prio poste.\u00a0<\/p>\n<p>Aos 72\u2019, os orientados de V\u00edtor Vinha dilataram a vantagem. Gon\u00e7alo Moreira bisou em assist\u00eancias, desta feita depois de bater um canto, e Gon\u00e7alo Oliveira cabeceou de forma certeira. \u00a0<\/p>\n<p>O Benfica, j\u00e1 com algumas mexidas, pressionava em busca de mais golos e conseguiu fazer mais um. Antes do 3-0, Gon\u00e7alo Moreira atirou uma bola\u00a0\u00e0\u00a0trave, ficando pert\u00edssimo de um gola\u00e7o. Aos 78\u2019, o esf\u00e9rico entrou mesmo. Jo\u00e3o Afonso assistiu de letra e Duarte Soares finalizou com um remate acrob\u00e1tico, numa jogada constru\u00edda por jogadores lan\u00e7ados no segundo tempo. \u00a0<\/p>\n<p>O Benfica termina a fase de liga da Youth League com 15 pontos em 18 poss\u00edveis, nos primeiros seis colocados, e, por isso, ir\u00e1 defrontar uma das equipas que terminar entre o 17.\u00ba e o 22.\u00ba lugares. O N\u00e1poles despede-se da competi\u00e7\u00e3o.\u00a0<\/p>\n","protected":false},"excerpt":{"rendered":"O Benfica fechou a fase de liga da UEFA Youth League com uma vit\u00f3ria diante do N\u00e1poles, por&hellip;\n","protected":false},"author":2,"featured_media":183959,"comment_status":"","ping_status":"","sticky":false,"template":"","format":"standard","meta":{"footnotes":""},"categories":[8],"tags":[27,28,15,16,14,25,26,21,22,12,13,19,20,32,23,24,33,17,18,29,30,31],"class_list":{"0":"post-183958","1":"post","2":"type-post","3":"status-publish","4":"format-standard","5":"has-post-thumbnail","7":"category-principais-noticias","8":"tag-breaking-news","9":"tag-breakingnews","10":"tag-featured-news","11":"tag-featurednews","12":"tag-headlines","13":"tag-latest-news","14":"tag-latestnews","15":"tag-main-news","16":"tag-mainnews","17":"tag-news","18":"tag-noticias","19":"tag-noticias-principais","20":"tag-noticiasprincipais","21":"tag-portugal","22":"tag-principais-noticias","23":"tag-principaisnoticias","24":"tag-pt","25":"tag-top-stories","26":"tag-topstories","27":"tag-ultimas","28":"tag-ultimas-noticias","29":"tag-ultimasnoticias"},"share_on_mastodon":{"url":"https:\/\/pubeurope.com\/@pt\/115700658670797171","error":""},"_links":{"self":[{"href":"https:\/\/www.europesays.com\/pt\/wp-json\/wp\/v2\/posts\/183958","targetHints":{"allow":["GET"]}}],"collection":[{"href":"https:\/\/www.europesays.com\/pt\/wp-json\/wp\/v2\/posts"}],"about":[{"href":"https:\/\/www.europesays.com\/pt\/wp-json\/wp\/v2\/types\/post"}],"author":[{"embeddable":true,"href":"https:\/\/www.europesays.com\/pt\/wp-json\/wp\/v2\/users\/2"}],"replies":[{"embeddable":true,"href":"https:\/\/www.europesays.com\/pt\/wp-json\/wp\/v2\/comments?post=183958"}],"version-history":[{"count":0,"href":"https:\/\/www.europesays.com\/pt\/wp-json\/wp\/v2\/posts\/183958\/revisions"}],"wp:featuredmedia":[{"embeddable":true,"href":"https:\/\/www.europesays.com\/pt\/wp-json\/wp\/v2\/media\/183959"}],"wp:attachment":[{"href":"https:\/\/www.europesays.com\/pt\/wp-json\/wp\/v2\/media?parent=183958"}],"wp:term":[{"taxonomy":"category","embeddable":true,"href":"https:\/\/www.europesays.com\/pt\/wp-json\/wp\/v2\/categories?post=183958"},{"taxonomy":"post_tag","embeddable":true,"href":"https:\/\/www.europesays.com\/pt\/wp-json\/wp\/v2\/tags?post=183958"}],"curies":[{"name":"wp","href":"https:\/\/api.w.org\/{rel}","templated":true}]}}