{"id":183960,"date":"2025-12-11T11:18:11","date_gmt":"2025-12-11T11:18:11","guid":{"rendered":"https:\/\/www.europesays.com\/pt\/183960\/"},"modified":"2025-12-11T11:18:11","modified_gmt":"2025-12-11T11:18:11","slug":"luiza-tome-faz-rara-aparicao-com-o-filho-modelo-gemeo","status":"publish","type":"post","link":"https:\/\/www.europesays.com\/pt\/183960\/","title":{"rendered":"Luiza Tom\u00e9 faz rara apari\u00e7\u00e3o com o filho modelo g\u00eameo"},"content":{"rendered":"<p>\n                        Discreta com a vida pessoal, Luiza Tom\u00e9 fez uma rara apari\u00e7\u00e3o em evento de homenagem em S\u00e3o Paulo, ao lado do filho modelo.\n                    <\/p>\n<ul class=\"article__header__author\">\n<li class=\"article__header__author__item\">\n                                                Por:<br \/>\n                                                                                    Reda\u00e7\u00e3o \/ Famosos e Celebridades\n                                                                        <\/li>\n<\/ul>\n<p class=\"text\">Luiza Tom\u00e9, de 64 anos, fez uma rara apari\u00e7\u00e3o p\u00fablica ao lado do filho Luigi Tom\u00e9, de 22, no \u00faltimo domingo (7), em S\u00e3o Paulo. O jovem acompanhou a m\u00e3e durante uma homenagem recebida pela atriz por sua contribui\u00e7\u00e3o ao audiovisual.<\/p>\n<p><img loading=\"lazy\" decoding=\"async\" alt=\"Luiza Tom\u00e9 faz rara apari\u00e7\u00e3o com o filho modelo g\u00eameo\" class=\"img-1e6002d8d1aede11b1bbe75e253b9542kpjyv9tq\" height=\"435\" src=\"https:\/\/www.europesays.com\/pt\/wp-content\/uploads\/2025\/12\/1587910201-luiza-tome.jpg\"  title=\"Luiza Tom\u00e9 faz rara apari\u00e7\u00e3o com o filho modelo g\u00eameo\" width=\"774\"\/><\/p>\n<p>Luiza Tom\u00e9 faz rara apari\u00e7\u00e3o com o filho modelo g\u00eameo<\/p>\n<p>Foto: Reprodu\u00e7\u00e3o\/Instagram \/ Famosos e Celebridades<\/p>\n<p class=\"text\">Luigi vem chamando aten\u00e7\u00e3o nas redes sociais por seus looks estilizados, que incluem biqu\u00ednis, saias, saltos e croppeds. Assumidamente gay, ele \u00e9 irm\u00e3o g\u00eameo de Adriana, ambos filhos de Luiza com o ex-marido, o empres\u00e1rio Adriano Facchini.<\/p>\n<p class=\"text\">Al\u00e9m dos g\u00eameos, Luiza tamb\u00e9m \u00e9 m\u00e3e de Bruno, de 26 anos, que atua como modelo fotogr\u00e1fico.<\/p>\n","protected":false},"excerpt":{"rendered":"Discreta com a vida pessoal, Luiza Tom\u00e9 fez uma rara apari\u00e7\u00e3o em evento de homenagem em S\u00e3o Paulo,&hellip;\n","protected":false},"author":2,"featured_media":183961,"comment_status":"","ping_status":"","sticky":false,"template":"","format":"standard","meta":{"footnotes":""},"categories":[145],"tags":[211,210,114,115,32,33],"class_list":{"0":"post-183960","1":"post","2":"type-post","3":"status-publish","4":"format-standard","5":"has-post-thumbnail","7":"category-celebridades","8":"tag-celebridades","9":"tag-celebrities","10":"tag-entertainment","11":"tag-entretenimento","12":"tag-portugal","13":"tag-pt"},"share_on_mastodon":{"url":"https:\/\/pubeurope.com\/@pt\/115700663506797919","error":""},"_links":{"self":[{"href":"https:\/\/www.europesays.com\/pt\/wp-json\/wp\/v2\/posts\/183960","targetHints":{"allow":["GET"]}}],"collection":[{"href":"https:\/\/www.europesays.com\/pt\/wp-json\/wp\/v2\/posts"}],"about":[{"href":"https:\/\/www.europesays.com\/pt\/wp-json\/wp\/v2\/types\/post"}],"author":[{"embeddable":true,"href":"https:\/\/www.europesays.com\/pt\/wp-json\/wp\/v2\/users\/2"}],"replies":[{"embeddable":true,"href":"https:\/\/www.europesays.com\/pt\/wp-json\/wp\/v2\/comments?post=183960"}],"version-history":[{"count":0,"href":"https:\/\/www.europesays.com\/pt\/wp-json\/wp\/v2\/posts\/183960\/revisions"}],"wp:featuredmedia":[{"embeddable":true,"href":"https:\/\/www.europesays.com\/pt\/wp-json\/wp\/v2\/media\/183961"}],"wp:attachment":[{"href":"https:\/\/www.europesays.com\/pt\/wp-json\/wp\/v2\/media?parent=183960"}],"wp:term":[{"taxonomy":"category","embeddable":true,"href":"https:\/\/www.europesays.com\/pt\/wp-json\/wp\/v2\/categories?post=183960"},{"taxonomy":"post_tag","embeddable":true,"href":"https:\/\/www.europesays.com\/pt\/wp-json\/wp\/v2\/tags?post=183960"}],"curies":[{"name":"wp","href":"https:\/\/api.w.org\/{rel}","templated":true}]}}