{"id":183962,"date":"2025-12-11T11:19:26","date_gmt":"2025-12-11T11:19:26","guid":{"rendered":"https:\/\/www.europesays.com\/pt\/183962\/"},"modified":"2025-12-11T11:19:26","modified_gmt":"2025-12-11T11:19:26","slug":"arquitetos-japoneses-se-especializam-em-projetos-para-gatos","status":"publish","type":"post","link":"https:\/\/www.europesays.com\/pt\/183962\/","title":{"rendered":"Arquitetos japoneses se especializam em projetos para gatos"},"content":{"rendered":"<p><img fetchpriority=\"high\" decoding=\"async\" class=\"aligncenter  size-full wp-image-598451 lazy\" src=\"https:\/\/www.europesays.com\/pt\/wp-content\/uploads\/2025\/12\/b_ACatTreeHouse_TanYamanouchi_AWGL\uff08\u5927\uff09-768x549.jpeg\" alt=\"Casa de Yamanouchi Tan\" width=\"768\" height=\"549\"\/><\/p>\n<p class=\"wp-caption-text\">Casa de Yamanouchi Tan<\/p>\n<p><strong>Por Piti Koshimura<\/strong><\/p>\n<p>Com uma das menores taxas de natalidade do mundo e um mercado pet que cresce ano ap\u00f3s ano, o Jap\u00e3o vem revendo a forma de projetar os espa\u00e7os dom\u00e9sticos. Desde 2003, o n\u00famero de animais de estima\u00e7\u00e3o no pa\u00eds tem sido maior que o total de crian\u00e7as. Dados recentes mostram que cachorros e gatos que vivem em casas somam aproximadamente 16 milh\u00f5es, enquanto crian\u00e7as de at\u00e9 15 anos totalizam menos de 14 milh\u00f5es. Diante desse cen\u00e1rio, n\u00e3o \u00e9 de se surpreender que arquitetos e construtoras estejam se dedicando a projetar casas e apartamentos para humanos e seus animais. Ou seria o contr\u00e1rio?<\/p>\n<p>Ciente de que a resid\u00eancia onde moravam era o universo completo de seus gatos, o arquiteto <a href=\"https:\/\/awgl-inc.com\/en\/2023\/08\/30\/a-cat-tree-house\/\" rel=\"nofollow noopener\" target=\"_blank\">Yamanouchi Tan<\/a> criou para si um desafio: projetar uma casa a partir da perspectiva dos dois felinos, Alvar Aalto e Mies van der Rohe.\u00a0<\/p>\n<p><img loading=\"lazy\" decoding=\"async\" class=\"aligncenter size-full wp-image-598450 lazy\" src=\"https:\/\/www.europesays.com\/pt\/wp-content\/uploads\/2025\/12\/IMG_7736s-1024x768-1-768x576.jpg\" alt=\"\" width=\"768\" height=\"576\"\/><\/p>\n<p>\u00a0<\/p>\n<p>Finalizada em 2023, a casa localizada em Kamakura, cidade litor\u00e2nea perto de T\u00f3quio, tem como elemento central uma escada em espiral. Conectando cozinha, sala de jantar, quartos e escrit\u00f3rio posicionados em alturas diferentes, a escada simula a disposi\u00e7\u00e3o de uma casa da \u00e1rvore. Chamam aten\u00e7\u00e3o as propor\u00e7\u00f5es dos degraus, que n\u00e3o s\u00e3o exatamente ergon\u00f4micos para a passada humana, mas atendem muito bem os residentes felinos. Os 90 cent\u00edmetros de profundidade dos degraus superiores s\u00e3o suficientes para que os gatos possam deitar e ficar \u00e0 vontade.<\/p>\n<p>\u00a0<\/p>\n<p>A conviv\u00eancia de uma d\u00e9cada com os bichanos foi crucial para que Yamanouchi pudesse entender suas necessidades. A primeira \u201cdemanda\u201d solucionada foi em rela\u00e7\u00e3o \u00e0 variedade de temperatura dentro de casa. Segundo as pesquisas do arquiteto, gatos s\u00e3o muito sens\u00edveis \u00e0 varia\u00e7\u00e3o de temperatura mesmo com mudan\u00e7as m\u00ednimas de altura. Por isso, o arquiteto criou 23 n\u00edveis na escada, oferecendo a seus \u201cclientes\u201d a possibilidade de subir e descer atr\u00e1s da temperatura mais adequada para cada momento. Para ampliar o conforto t\u00e9rmico, uma claraboia central ilumina naturalmente cada degrau ao longo do dia.<\/p>\n<p>\u00a0<\/p>\n<p><img loading=\"lazy\" decoding=\"async\" class=\"aligncenter  size-full wp-image-598453 lazy\" src=\"https:\/\/www.europesays.com\/pt\/wp-content\/uploads\/2025\/12\/e_ACatTreeHouse_TanYamanouchi_AWGL\uff08\u5927\uff09-768x859.jpeg\" alt=\"Casa de Yamanouchi Tan\" width=\"768\" height=\"859\"\/><\/p>\n<p class=\"wp-caption-text\">Casa de Yamanouchi Tan<\/p>\n<p>\u00a0<\/p>\n<p>Outro ponto importante foi pensar em ambientes que os gatos pudessem dividir com seus humanos, mas com a possibilidade de manter uma certa dist\u00e2ncia. A escada em espiral, por exemplo, permite que os pets estejam de olho nas pessoas da casa, mas n\u00e3o t\u00e3o pr\u00f3ximos assim. E a terceira condi\u00e7\u00e3o atendida por Yamanouchi foi criar espa\u00e7os em que os bichanos pudessem se sentir seguros, como c\u00f4modos mais isolados ou prateleiras no alto, caso queiram se esconder de visitas ou precisem de um tempo de recolhimento. Como b\u00f4nus, j\u00e1 que os gatos adoram ficar espiando a vizinhan\u00e7a, as janelas do alto da escada foram calculadas para a altura deles. Nas imagens divulgadas da casa, Alvar Aalto e Mies van der Rohe \u2013 os felinos, no caso \u2013 parecem estar satisfeitos com as solu\u00e7\u00f5es de seu humano.<\/p>\n<p>\u00a0<\/p>\n<p>Mas j\u00e1 que nem todos os pais de pet t\u00eam a habilidade de Yamanouchi, diversos escrit\u00f3rios de arquitetura e construtoras japonesas oferecem servi\u00e7os especializados que contemplam a coexist\u00eancia entre humanos e animais, principalmente gatos. A <a href=\"https:\/\/www.daiken.jp\/buildingmaterials\/pet\/nyanlovelife\/article\/neko15.html\" rel=\"nofollow noopener\" target=\"_blank\">Daiken<\/a>, um grande fabricante de materiais de constru\u00e7\u00e3o, trabalha em parceria com a arquiteta Kanamaki Tomoko, pesquisadora de ambientes dom\u00e9sticos para animais de estima\u00e7\u00e3o, para desenvolver solu\u00e7\u00f5es de design. Kanamaki ressalta a import\u00e2ncia de criar ambientes em que os felinos possam se exercitar e se sentir estimulados na presen\u00e7a de humanos.\u00a0<\/p>\n<p><img loading=\"lazy\" decoding=\"async\" class=\"aligncenter size-full wp-image-598447 lazy\" src=\"https:\/\/www.europesays.com\/pt\/wp-content\/uploads\/2025\/12\/200212nek-001-768x512.jpg\" alt=\"\" width=\"768\" height=\"512\"\/><\/p>\n<p>\u00a0<\/p>\n<p>\u00a0<\/p>\n<p>O escrit\u00f3rio <a href=\"https:\/\/fatcatdesign.jp\/\" rel=\"nofollow noopener\" target=\"_blank\">FatCat Design<\/a> coloca \u00e0 disposi\u00e7\u00e3o a expertise de um arquiteto que vive com 5 gatos, al\u00e9m de prometer projetos customizados para a personalidade de cada cliente felino. O ateli\u00ea <a href=\"https:\/\/musubihouse.com\/\" rel=\"nofollow noopener\" target=\"_blank\">Musubi<\/a> defende que, assim como o design pode criar rela\u00e7\u00f5es entre a fam\u00edlia, um bom projeto pode melhorar os relacionamentos entre pessoas e seus pets. J\u00e1 o est\u00fadio <a href=\"https:\/\/an-lp.com\/sakamotogumi\/#top\" rel=\"nofollow noopener\" target=\"_blank\">Architopia<\/a> ressalta a resolu\u00e7\u00e3o de quest\u00f5es pr\u00e1ticas como o cheiro da caixinha de areia ou a dificuldade de manter os ambientes limpos quando o bichano solta muito pelo.\u00a0<\/p>\n<p>\u00a0<\/p>\n<p>Num pa\u00eds onde os lares muitas vezes se resumem a poucos metros quadrados e o v\u00ednculo com os pets se fortalece, essas iniciativas evidenciam que projetar para gatos \u2013 e para a conviv\u00eancia com seus humanos \u2013 \u00e9 menos um capricho e mais um indicativo das transforma\u00e7\u00f5es da sociedade.<\/p>\n<p>\u00a0<\/p>\n<p>Piti Koshimura (@peachnojapao) \u00e9 autora do blog e podcast Peach no Jap\u00e3o e fundadora da Momonoki, plataforma de cursos sobre cultura japonesa. Mora em T\u00f3quio h\u00e1 7 anos, compartilhando hist\u00f3rias e orientando viajantes que querem descobrir o Jap\u00e3o.<\/p>\n<p>&#13;<br \/>\n\t&#13;<br \/>\n\treda\u00e7\u00e3o bazaar&#13;<br \/>\n\t07\/12\/2025&#13;<br \/>\n\t&#13;<br \/>\n\t&#13;<br \/>\n\t\t&#13;<br \/>\n\t\t&#13;<br \/>\n\t\t&#13;<br \/>\n\t\t&#13;<br \/>\n\t&#13;<br \/>\n\t\t&#13;<br \/>\n\t\t&#13;<br \/>\n\t\t&#13;<br \/>\n\t\t&#13;<br \/>\n\t&#13;<\/p>\n","protected":false},"excerpt":{"rendered":"Casa de Yamanouchi Tan Por Piti Koshimura Com uma das menores taxas de natalidade do mundo e um&hellip;\n","protected":false},"author":2,"featured_media":183963,"comment_status":"","ping_status":"","sticky":false,"template":"","format":"standard","meta":{"footnotes":""},"categories":[144],"tags":[207,205,206,203,201,202,204,114,115,32,33],"class_list":{"0":"post-183962","1":"post","2":"type-post","3":"status-publish","4":"format-standard","5":"has-post-thumbnail","7":"category-arte-e-design","8":"tag-arte","9":"tag-arte-e-design","10":"tag-artedesign","11":"tag-arts","12":"tag-arts-and-design","13":"tag-artsanddesign","14":"tag-design","15":"tag-entertainment","16":"tag-entretenimento","17":"tag-portugal","18":"tag-pt"},"share_on_mastodon":{"url":"https:\/\/pubeurope.com\/@pt\/115700666874110399","error":""},"_links":{"self":[{"href":"https:\/\/www.europesays.com\/pt\/wp-json\/wp\/v2\/posts\/183962","targetHints":{"allow":["GET"]}}],"collection":[{"href":"https:\/\/www.europesays.com\/pt\/wp-json\/wp\/v2\/posts"}],"about":[{"href":"https:\/\/www.europesays.com\/pt\/wp-json\/wp\/v2\/types\/post"}],"author":[{"embeddable":true,"href":"https:\/\/www.europesays.com\/pt\/wp-json\/wp\/v2\/users\/2"}],"replies":[{"embeddable":true,"href":"https:\/\/www.europesays.com\/pt\/wp-json\/wp\/v2\/comments?post=183962"}],"version-history":[{"count":0,"href":"https:\/\/www.europesays.com\/pt\/wp-json\/wp\/v2\/posts\/183962\/revisions"}],"wp:featuredmedia":[{"embeddable":true,"href":"https:\/\/www.europesays.com\/pt\/wp-json\/wp\/v2\/media\/183963"}],"wp:attachment":[{"href":"https:\/\/www.europesays.com\/pt\/wp-json\/wp\/v2\/media?parent=183962"}],"wp:term":[{"taxonomy":"category","embeddable":true,"href":"https:\/\/www.europesays.com\/pt\/wp-json\/wp\/v2\/categories?post=183962"},{"taxonomy":"post_tag","embeddable":true,"href":"https:\/\/www.europesays.com\/pt\/wp-json\/wp\/v2\/tags?post=183962"}],"curies":[{"name":"wp","href":"https:\/\/api.w.org\/{rel}","templated":true}]}}