{"id":183964,"date":"2025-12-11T11:21:09","date_gmt":"2025-12-11T11:21:09","guid":{"rendered":"https:\/\/www.europesays.com\/pt\/183964\/"},"modified":"2025-12-11T11:21:09","modified_gmt":"2025-12-11T11:21:09","slug":"dylan-fonte-acusa-tvi-de-proteger-agressao-de-vera-e-pondera-avancar-para-tribunal","status":"publish","type":"post","link":"https:\/\/www.europesays.com\/pt\/183964\/","title":{"rendered":"Dylan Fonte acusa TVI de proteger agress\u00e3o de Vera e pondera avan\u00e7ar para tribunal"},"content":{"rendered":"<p>A sa\u00edda da Casa dos Segredos n\u00e3o arrefeceu os \u00e2nimos de Dylan Fonte.<\/p>\n<p>O ex-concorrente, protagonista de um dos momentos mais violentos desta edi\u00e7\u00e3o, quando Vera lhe deu quatro estaladas ap\u00f3s uma discuss\u00e3o, admitiu \u00e0 TV 7 Dias que o caso pode transitar da Malveira para a justi\u00e7a.<\/p>\n<p>Se, na altura, a fam\u00edlia j\u00e1 tinha manifestado a inten\u00e7\u00e3o de agir, agora \u00e9 o pr\u00f3prio Dylan quem confirma que o cen\u00e1rio est\u00e1 em cima da mesa,<strong> \u201cEstou a ponderar o que \u00e9 que vou fazer, mas se avan\u00e7ar com alguma coisa, n\u00e3o vou transmitir nada. Quero que seja ela depois a saber\u201d<\/strong>, garantiu o jovem de Viana do Castelo, confessando, no entanto, estar dividido entre a vontade de fazer justi\u00e7a e o desejo de se<strong> \u201cdesligar daquilo a 100%\u201d.<\/strong><\/p>\n<p>Leia tamb\u00e9m: <strong><a class=\"post-title the-subtitle\" href=\"https:\/\/dioguinho.com\/dylan-fonte-diz-que-foi-humilhado-flavio-passou-as-galas-a-enxovalhar-os-meus-pais\/\" rel=\"nofollow noopener\" target=\"_blank\">Dylan Fonte diz que foi humilhado: \u201cFl\u00e1vio passou as galas a enxovalhar os meus pais\u201d<\/a><\/strong><\/p>\n<p>O que mais revolta Dylan Fonte n\u00e3o s\u00e3o apenas as agress\u00f5es f\u00edsicas, mas sim a rea\u00e7\u00e3o p\u00fablica e o tratamento medi\u00e1tico do incidente, <strong>\u201cSe fosse ao contr\u00e1rio, se calhar na noite em que isso aconteceu, tinha ido l\u00e1 a pol\u00edcia para me levar preso. Mas como foi assim, parece que foi um orgulho nacional o que ela fez\u201d<\/strong>, lamentou, visivelmente indignado com o apoio que a \u201c<strong>Saramaga<\/strong>\u201d recebeu c\u00e1 fora.<\/p>\n<p>O ex-concorrente apontou o dedo diretamente \u00e0 esta\u00e7\u00e3o de Queluz de Baixo, acusando a produ\u00e7\u00e3o de manipula\u00e7\u00e3o e parcialidade, <strong>\u201cSinto que a TVI acabou por apoiar isso. N\u00e3o me digam que n\u00e3o, porque os comentadores dizem que eu mereci e que a agredi verbalmente, o que \u00e9 mentira\u201d,<\/strong> defendeu-se.<\/p>\n<p>Leia tamb\u00e9m: <strong><a class=\"post-title the-subtitle\" href=\"https:\/\/dioguinho.com\/dylan-fonte-sente-se-humilhado-pelos-comentadores-das-galas-e-chocado-com-o-odio\/\" rel=\"nofollow noopener\" target=\"_blank\">Dylan Fonte sente-se humilhado pelos comentadores das Galas e chocado com o \u00f3dio<\/a><\/strong><\/p>\n<p>Dylan Fonte alega que as imagens foram editadas para o prejudicar, <strong>\u201cEles cortam o que lhes interessa. Eu comecei a frase a dizer: \u2018Sem querer ofender as filhas da Vera, acho que a imagem que ela est\u00e1 a passar n\u00e3o \u00e9 a melhor\u2019\u201d,<\/strong> esclareceu.<\/p>\n<p>Desiludido, Dylan fechou a porta a qualquer contacto com a ex-colega e com a maioria dos colegas com quem partilhou cas ana alveira, <strong>\u201cNunca me dirigi a ela, nem nunca me vou dirigir. N\u00e3o tenho inten\u00e7\u00f5es de me dar com nenhum, tirando o Bruno, a Bruna, a In\u00eas e a Raquel.\u201d<\/strong><\/p>\n","protected":false},"excerpt":{"rendered":"A sa\u00edda da Casa dos Segredos n\u00e3o arrefeceu os \u00e2nimos de Dylan Fonte. O ex-concorrente, protagonista de um&hellip;\n","protected":false},"author":2,"featured_media":183965,"comment_status":"","ping_status":"","sticky":false,"template":"","format":"standard","meta":{"footnotes":""},"categories":[142],"tags":[37480,21040,114,115,32,33,299,151,162,11841],"class_list":{"0":"post-183964","1":"post","2":"type-post","3":"status-publish","4":"format-standard","5":"has-post-thumbnail","7":"category-tv","8":"tag-agressu00e3o","9":"tag-dylan-fonte","10":"tag-entertainment","11":"tag-entretenimento","12":"tag-portugal","13":"tag-pt","14":"tag-tribunal","15":"tag-tv","16":"tag-tvi","17":"tag-vera"},"share_on_mastodon":{"url":"","error":""},"_links":{"self":[{"href":"https:\/\/www.europesays.com\/pt\/wp-json\/wp\/v2\/posts\/183964","targetHints":{"allow":["GET"]}}],"collection":[{"href":"https:\/\/www.europesays.com\/pt\/wp-json\/wp\/v2\/posts"}],"about":[{"href":"https:\/\/www.europesays.com\/pt\/wp-json\/wp\/v2\/types\/post"}],"author":[{"embeddable":true,"href":"https:\/\/www.europesays.com\/pt\/wp-json\/wp\/v2\/users\/2"}],"replies":[{"embeddable":true,"href":"https:\/\/www.europesays.com\/pt\/wp-json\/wp\/v2\/comments?post=183964"}],"version-history":[{"count":0,"href":"https:\/\/www.europesays.com\/pt\/wp-json\/wp\/v2\/posts\/183964\/revisions"}],"wp:featuredmedia":[{"embeddable":true,"href":"https:\/\/www.europesays.com\/pt\/wp-json\/wp\/v2\/media\/183965"}],"wp:attachment":[{"href":"https:\/\/www.europesays.com\/pt\/wp-json\/wp\/v2\/media?parent=183964"}],"wp:term":[{"taxonomy":"category","embeddable":true,"href":"https:\/\/www.europesays.com\/pt\/wp-json\/wp\/v2\/categories?post=183964"},{"taxonomy":"post_tag","embeddable":true,"href":"https:\/\/www.europesays.com\/pt\/wp-json\/wp\/v2\/tags?post=183964"}],"curies":[{"name":"wp","href":"https:\/\/api.w.org\/{rel}","templated":true}]}}