{"id":183991,"date":"2025-12-11T11:52:09","date_gmt":"2025-12-11T11:52:09","guid":{"rendered":"https:\/\/www.europesays.com\/pt\/183991\/"},"modified":"2025-12-11T11:52:09","modified_gmt":"2025-12-11T11:52:09","slug":"vem-ai-em-a-protegida-laura-e-oscar-fazem-as-pazes-novelas","status":"publish","type":"post","link":"https:\/\/www.europesays.com\/pt\/183991\/","title":{"rendered":"Vem a\u00ed em \u00abA Protegida\u00bb: Laura e \u00d3scar fazem as pazes? &#8211; Novelas"},"content":{"rendered":"<p>Em \u00abA Protegida\u00bb, <a href=\"https:\/\/tvi.iol.pt\/novelas\/search?pagina=1&amp;pesquisa=alexandra+lencastre\" rel=\"nofollow noopener\" target=\"_blank\">Laura (Alexandra Lencastre)<\/a>\u00a0prepara-se para come\u00e7ar a trabalhar, quando ouve m\u00fasica vinda do sal\u00e3o. Laura n\u00e3o quer acreditar quando percebe que \u00e9 a m\u00fasica que <a href=\"https:\/\/tvi.iol.pt\/novelas\/search?pagina=1&amp;pesquisa=joaquim+horta\" rel=\"nofollow noopener\" target=\"_blank\">\u00d3scar (Joaquim Horta)<\/a>\u00a0lhe costuma enviar e sai para o sal\u00e3o, enervada.<\/p>\n<p>Laura v\u00ea \u00d3scar e fica furiosa. Ele dan\u00e7a na dire\u00e7\u00e3o dela e diz que est\u00e1 a pensar apresentar queixa por ass\u00e9dio, pois Laura anda a persegui-lo. \u00d3scar diz saber que Laura assistiu \u00e0 conversa com as m\u00e3es e que se emocionou. \u00d3scar agarra Laura e os dois olham-se doridos e saudosos. \u00d3scar pede-lhe que o perdoe e que volte para ele.<\/p>\n<p>\u00a0<\/p>\n","protected":false},"excerpt":{"rendered":"Em \u00abA Protegida\u00bb, Laura (Alexandra Lencastre)\u00a0prepara-se para come\u00e7ar a trabalhar, quando ouve m\u00fasica vinda do sal\u00e3o. Laura n\u00e3o&hellip;\n","protected":false},"author":2,"featured_media":183992,"comment_status":"","ping_status":"","sticky":false,"template":"","format":"standard","meta":{"footnotes":""},"categories":[142],"tags":[168,882,160,166,114,115,157,167,1406,164,885,161,1409,158,165,159,32,33,156,163,151,162],"class_list":{"0":"post-183991","1":"post","2":"type-post","3":"status-publish","4":"format-standard","5":"has-post-thumbnail","7":"category-tv","8":"tag-a-protegida","9":"tag-alexandra-lencastre","10":"tag-ana-guiomar","11":"tag-cristina-ferreira","12":"tag-entertainment","13":"tag-entretenimento","14":"tag-festa-e-festa","15":"tag-ficcao","16":"tag-joaquim-horta","17":"tag-jose-fidalgo","18":"tag-laura","19":"tag-novelas","20":"tag-oscar","21":"tag-para-sempre","22":"tag-pedro-sousa","23":"tag-pedro-teixeira","24":"tag-portugal","25":"tag-pt","26":"tag-queridos-papas","27":"tag-tiago-teotonio-pereira","28":"tag-tv","29":"tag-tvi"},"share_on_mastodon":{"url":"https:\/\/pubeurope.com\/@pt\/115700796198979414","error":""},"_links":{"self":[{"href":"https:\/\/www.europesays.com\/pt\/wp-json\/wp\/v2\/posts\/183991","targetHints":{"allow":["GET"]}}],"collection":[{"href":"https:\/\/www.europesays.com\/pt\/wp-json\/wp\/v2\/posts"}],"about":[{"href":"https:\/\/www.europesays.com\/pt\/wp-json\/wp\/v2\/types\/post"}],"author":[{"embeddable":true,"href":"https:\/\/www.europesays.com\/pt\/wp-json\/wp\/v2\/users\/2"}],"replies":[{"embeddable":true,"href":"https:\/\/www.europesays.com\/pt\/wp-json\/wp\/v2\/comments?post=183991"}],"version-history":[{"count":0,"href":"https:\/\/www.europesays.com\/pt\/wp-json\/wp\/v2\/posts\/183991\/revisions"}],"wp:featuredmedia":[{"embeddable":true,"href":"https:\/\/www.europesays.com\/pt\/wp-json\/wp\/v2\/media\/183992"}],"wp:attachment":[{"href":"https:\/\/www.europesays.com\/pt\/wp-json\/wp\/v2\/media?parent=183991"}],"wp:term":[{"taxonomy":"category","embeddable":true,"href":"https:\/\/www.europesays.com\/pt\/wp-json\/wp\/v2\/categories?post=183991"},{"taxonomy":"post_tag","embeddable":true,"href":"https:\/\/www.europesays.com\/pt\/wp-json\/wp\/v2\/tags?post=183991"}],"curies":[{"name":"wp","href":"https:\/\/api.w.org\/{rel}","templated":true}]}}