{"id":184011,"date":"2025-12-11T12:11:19","date_gmt":"2025-12-11T12:11:19","guid":{"rendered":"https:\/\/www.europesays.com\/pt\/184011\/"},"modified":"2025-12-11T12:11:19","modified_gmt":"2025-12-11T12:11:19","slug":"saude-promove-i-forum-de-doenca-avancada-por-aids-do-df","status":"publish","type":"post","link":"https:\/\/www.europesays.com\/pt\/184011\/","title":{"rendered":"Sa\u00fade promove I F\u00f3rum de Doen\u00e7a Avan\u00e7ada por Aids do DF"},"content":{"rendered":"<p>Profissionais debatem est\u00e1gio tardio da infec\u00e7\u00e3o pelo HIV. Na capital federal, entre 2020 e 2024, foram cerca de 450 \u00f3bitos tendo a aids como causa b\u00e1sica<\/p>\n<p dir=\"ltr\" style=\"text-align: justify;\">A Secretaria de Sa\u00fade (SES-DF) promoveu, nesta quarta-feira (10), o I F\u00f3rum de Doen\u00e7a Avan\u00e7ada por Aids do Distrito Federal. O objetivo foi atualizar profissionais sobre o manejo cl\u00ednico e terap\u00eautico do est\u00e1gio tardio da contamina\u00e7\u00e3o pelo v\u00edrus da imunodefici\u00eancia humana (HIV). Nessa fase, h\u00e1 imunossupress\u00e3o grave, dificultando o tratamento de infec\u00e7\u00f5es e de certos tipos de c\u00e2nceres.\u00a0\u00a0<\/p>\n<p dir=\"ltr\" style=\"text-align: justify;\">\u201cEssa prepara\u00e7\u00e3o \u00e9 essencial porque ainda existem pessoas com diagn\u00f3stico tardio, fato que provoca adoecimento e \u00f3bito por aids. Portanto, \u00e9 essencial que os profissionais se sensibilizem, reconhe\u00e7am os sintomas precocemente, consigam acolher e tratar esses pacientes&#8221;, destaca a m\u00e9dica infectologista da Ger\u00eancia de Vigil\u00e2ncia de Infec\u00e7\u00f5es Sexualmente Transmiss\u00edveis (Gevist), Eveline Vale.<br \/>\u00a0<\/p>\n<p>        <img loading=\"lazy\" decoding=\"async\" alt=\"\" height=\"512\" src=\"https:\/\/www.europesays.com\/pt\/wp-content\/uploads\/2025\/12\/93167e0e-68ad-7304-91d4-93d422c74888\" style=\"margin: 0px;\" width=\"768\"\/> <\/p>\n<p>         \u00a0&#8220;Al\u00e9m de reconhecer os sintomas precocemente, acolher e tratar esses pacientes, \u00e9 preciso trabalhar a quest\u00e3o do estigma e preconceito que ainda existe\u201d, destaca a m\u00e9dica infectologista da Gevist, Eveline Vale. Foto:\u00a0Jhonatan Cantarelle\/Ag\u00eancia Sa\u00fade DF<\/p>\n<p dir=\"ltr\" style=\"text-align: justify;\">Realizado no Laborat\u00f3rio Central de Sa\u00fade P\u00fablica (Lacen), o evento contou com a participa\u00e7\u00e3o de profissionais do Servi\u00e7o de Refer\u00eancia em HIV e Aids do Hospital Universit\u00e1rio de Bras\u00edlia (HUB), Hospital de Base (HBDF), hospitais regionais de Taguatinga (HRT) e da Asa Norte (Hran), Centro Especializado em Doen\u00e7as Infecciosas (Cedin) e policl\u00ednicas (equipes multidisciplinares).\u00a0<br \/>\u00a0<\/p>\n<p dir=\"ltr\" style=\"text-align: justify;\"><strong>Est\u00e1gio avan\u00e7ado<\/strong><\/p>\n<p dir=\"ltr\" style=\"text-align: justify;\">Pessoas com doen\u00e7a avan\u00e7ada pelo HIV enfrentam um risco aumentado de infec\u00e7\u00f5es graves e mortalidade, especialmente se n\u00e3o receberem diagn\u00f3stico e tratamento oportunos. Isso significa que, ao ser detectado cedo, o v\u00edrus n\u00e3o necessariamente ir\u00e1 evoluir para a aids, permitindo que seu portador, com o acompanhamento e a terapia adequados, leve uma vida de qualidade.\u00a0<\/p>\n<p dir=\"ltr\" style=\"text-align: justify;\">O\u00a0<a href=\"https:\/\/www.saude.df.gov.br\/documents\/37101\/0\/Boletim_HIV_AIDS_2025_versao_final.pdf\/4753dc5b-3054-e26e-18bc-d6f95e45f4bb?t=1764076593833\" rel=\"nofollow noopener\" target=\"_blank\">\u00faltimo Boletim Epidemiol\u00f3gico\u00a0<\/a>da SES-DF, divulgado neste m\u00eas, indica que 42,6% dos casos de HIV, registrados entre 2020 e 2024 no DF, ocorreram em pessoas de 20 a 29 anos. No mesmo per\u00edodo, foram notificados mais de 3,8 mil casos de infec\u00e7\u00e3o pelo v\u00edrus e 1,1 mil casos de aids em residentes da capital, com 448 \u00f3bitos tendo a aids como causa b\u00e1sica.\u00a0<br \/>\u00a0<\/p>\n<p>        <img loading=\"lazy\" decoding=\"async\" alt=\"\" height=\"512\" src=\"https:\/\/www.europesays.com\/pt\/wp-content\/uploads\/2025\/12\/93bed70c-459e-ed84-4ea8-208a7f3bbf4d\" style=\"margin: 0px;\" width=\"768\"\/> <\/p>\n<p>         O evento contou com a participa\u00e7\u00e3o de profissionais do servi\u00e7o de refer\u00eancia em HIV e aids do HUB, HBDF, HRT, Hran, Cedin e policl\u00ednicas (equipes multidisciplinares).<br \/>\n         Foto:\u00a0Jhonatan Cantarelle\/Ag\u00eancia Sa\u00fade DF<\/p>\n<p dir=\"ltr\" style=\"text-align: justify;\">Diante do cen\u00e1rio, a palestrante Camila Damasceno, refer\u00eancia t\u00e9cnica distrital (RTD) de Medicina de Fam\u00edlia e Comunidade da SES-DF, endossa que o f\u00f3rum auxilia os servidores de todos os n\u00edveis de aten\u00e7\u00e3o a oferecerem um atendimento com maior qualidade. \u201cA partir do que \u00e9 aprendido nesse encontro, quem est\u00e1 no pronto-socorro, na Unidade de Pronto Atendimento [UPA] ou nos hospitais vai reconhecer com mais facilidade os sinais de doen\u00e7a avan\u00e7ada e o que fazer para prover o melhor cuidado poss\u00edvel \u00e0quele paciente.&#8221;<\/p>\n<p dir=\"ltr\" style=\"text-align: justify;\">Participante do evento, o sanitarista Adriano Caetano acredita que o debate seja fundamental para evitar \u00f3bitos: \u201cTemos um grande avan\u00e7o da medicaliza\u00e7\u00e3o, ent\u00e3o, por que at\u00e9 hoje h\u00e1 tantas pessoas morrendo por aids? \u00c9 um tema que envolve determinantes sociais de sa\u00fade, estigma, preconceito, intersec\u00e7\u00f5es de ra\u00e7a, de classe e de g\u00eanero. S\u00e3o muitas nuances e vari\u00e1veis que, certamente, precisam ser refor\u00e7adas no dia a dia dos profissionais de sa\u00fade&#8221;, avalia.\u00a0<\/p>\n<p dir=\"ltr\" style=\"text-align: justify;\"><strong>Preven\u00e7\u00e3o e tratamento<\/strong><\/p>\n<p dir=\"ltr\" style=\"text-align: justify;\">Na rede p\u00fablica, \u00e9 poss\u00edvel ter acesso gratuito a preservativos internos e externos e testagem r\u00e1pida por meio das Unidades B\u00e1sicas de Sa\u00fade (UBSs). H\u00e1, ainda, tratamentos de Profilaxia P\u00f3s-Exposi\u00e7\u00e3o de Risco (PEP) e Profilaxia Pr\u00e9-Exposi\u00e7\u00e3o (PrEP) ao HIV.\u00a0<\/p>\n","protected":false},"excerpt":{"rendered":"Profissionais debatem est\u00e1gio tardio da infec\u00e7\u00e3o pelo HIV. Na capital federal, entre 2020 e 2024, foram cerca de&hellip;\n","protected":false},"author":2,"featured_media":184012,"comment_status":"","ping_status":"","sticky":false,"template":"","format":"standard","meta":{"footnotes":""},"categories":[86],"tags":[3980,9397,24386,37487,1661,116,1175,1133,32,33,117],"class_list":{"0":"post-184011","1":"post","2":"type-post","3":"status-publish","4":"format-standard","5":"has-post-thumbnail","7":"category-saude","8":"tag-3980","9":"tag-aids","10":"tag-boletim-epidemiologico","11":"tag-boletim-epidemiologico-de-hiv-e-aids-2024","12":"tag-destaque","13":"tag-health","14":"tag-hiv","15":"tag-noticia","16":"tag-portugal","17":"tag-pt","18":"tag-saude"},"share_on_mastodon":{"url":"https:\/\/pubeurope.com\/@pt\/115700871326047351","error":""},"_links":{"self":[{"href":"https:\/\/www.europesays.com\/pt\/wp-json\/wp\/v2\/posts\/184011","targetHints":{"allow":["GET"]}}],"collection":[{"href":"https:\/\/www.europesays.com\/pt\/wp-json\/wp\/v2\/posts"}],"about":[{"href":"https:\/\/www.europesays.com\/pt\/wp-json\/wp\/v2\/types\/post"}],"author":[{"embeddable":true,"href":"https:\/\/www.europesays.com\/pt\/wp-json\/wp\/v2\/users\/2"}],"replies":[{"embeddable":true,"href":"https:\/\/www.europesays.com\/pt\/wp-json\/wp\/v2\/comments?post=184011"}],"version-history":[{"count":0,"href":"https:\/\/www.europesays.com\/pt\/wp-json\/wp\/v2\/posts\/184011\/revisions"}],"wp:featuredmedia":[{"embeddable":true,"href":"https:\/\/www.europesays.com\/pt\/wp-json\/wp\/v2\/media\/184012"}],"wp:attachment":[{"href":"https:\/\/www.europesays.com\/pt\/wp-json\/wp\/v2\/media?parent=184011"}],"wp:term":[{"taxonomy":"category","embeddable":true,"href":"https:\/\/www.europesays.com\/pt\/wp-json\/wp\/v2\/categories?post=184011"},{"taxonomy":"post_tag","embeddable":true,"href":"https:\/\/www.europesays.com\/pt\/wp-json\/wp\/v2\/tags?post=184011"}],"curies":[{"name":"wp","href":"https:\/\/api.w.org\/{rel}","templated":true}]}}