{"id":184019,"date":"2025-12-11T12:21:08","date_gmt":"2025-12-11T12:21:08","guid":{"rendered":"https:\/\/www.europesays.com\/pt\/184019\/"},"modified":"2025-12-11T12:21:08","modified_gmt":"2025-12-11T12:21:08","slug":"vem-ai-em-terra-forte-com-a-filha-a-beira-da-morte-rosa-maria-ataca-maria-de-fatima-sem-do-nem-piedade-novelas","status":"publish","type":"post","link":"https:\/\/www.europesays.com\/pt\/184019\/","title":{"rendered":"Vem a\u00ed em \u00abTerra Forte\u00bb: Com a filha \u00e0 beira da morte, Rosa Maria ataca Maria de F\u00e1tima sem d\u00f3 nem piedade &#8211; Novelas"},"content":{"rendered":"<p>Em \u00abTerra Forte\u00bb, <a href=\"https:\/\/tvi.iol.pt\/novelas\/fotos\/vem-ai-em-terra-forte-em-lagrimas-e-rejeitada-rosa-maria-deixa-flor-para-tras\/68f64dafd34e58bc6797196e\" rel=\"nofollow noopener\" target=\"_blank\">Rosa Maria (Cust\u00f3dia Gallego)<\/a> critica o que <a href=\"https:\/\/tvi.iol.pt\/novelas\/videos\/terra-forte-maria-de-fatima-e-manuel-tinham-um-caso\/68f65cdc0cf29d28d82976cb\" rel=\"nofollow noopener\" target=\"_blank\">Maria de F\u00e1tima (Rita Pereira)<\/a>\u00a0fez de enfrentar os jornalistas. Maria de F\u00e1tima critica-a por n\u00e3o ver tudo o que j\u00e1 fez por <a href=\"https:\/\/tvi.iol.pt\/novelas\/videos\/terra-forte-no-dia-do-seu-aniversario-flor-recebe-uma-visita-inesperada\/68f65c7a0cf29d28d82976c8\" rel=\"nofollow noopener\" target=\"_blank\">Flor (Benedita Pereira)<\/a>, dizendo ser \u00f3bvio que ela n\u00e3o a v\u00ea mesmo como filha. Rosa Maria acusa o toque. <a href=\"https:\/\/tvi.iol.pt\/novelas\/videos\/terra-forte-dudu-apresenta-rosinha-a-sammy-e-a-rosa-maria\/68f7b86d0cf29d28d8297a76\" rel=\"nofollow noopener\" target=\"_blank\">Dudu (Tom\u00e1s Taborda)<\/a>\u00a0e <a href=\"https:\/\/tvi.iol.pt\/novelas\/videos\/terra-forte-foi-dani-a-filha-de-maria-de-fatima-que-atingiu-a-propria-mae\/68f61cd50cf285ab53a6aaf8\" rel=\"nofollow noopener\" target=\"_blank\">Dani (Camy Ribau)<\/a>\u00a0abra\u00e7am a m\u00e3e, deixando-a reconfortada. Magui (Matilde Serrasqueiro) est\u00e1 desconfiada.<\/p>\n<p>M\u00e9dico informa a fam\u00edlia que conseguiram salvar Flor, mas ela continua em risco de vida. Todos esbo\u00e7am um misto de al\u00edvio com apreens\u00e3o.<\/p>\n<p>Maria de F\u00e1tima lastima-se a <a href=\"https:\/\/tvi.iol.pt\/novelas\/videos\/terra-forte-sammy-fica-sem-chao-ao-descobrir-que-flor-e-a-mae-de-rosinha\/68f7b83e0cf29d28d8297a75\" rel=\"nofollow noopener\" target=\"_blank\">Sammy (Jos\u00e9 Fidalgo)<\/a>\u00a0que todos acham que ela s\u00f3 quer prejudicar Flor, mesmo tendo hoje lhe salvado a vida. Sammy vinca a Maria de F\u00e1tima ter ficado com muito orgulho nela hoje. Maria de F\u00e1tima manda uma mensagem mal Sammy sai do quarto.<\/p>\n<p>Recorde-se que Rosa Maria tem enfrentado Maria de F\u00e1tima sem qualquer tipo de receio:<\/p>\n","protected":false},"excerpt":{"rendered":"Em \u00abTerra Forte\u00bb, Rosa Maria (Cust\u00f3dia Gallego) critica o que Maria de F\u00e1tima (Rita Pereira)\u00a0fez de enfrentar os&hellip;\n","protected":false},"author":2,"featured_media":184020,"comment_status":"","ping_status":"","sticky":false,"template":"","format":"standard","meta":{"footnotes":""},"categories":[142],"tags":[160,166,18259,114,115,157,167,164,8598,161,158,165,159,32,33,156,5871,27871,18614,163,151,162],"class_list":{"0":"post-184019","1":"post","2":"type-post","3":"status-publish","4":"format-standard","5":"has-post-thumbnail","7":"category-tv","8":"tag-ana-guiomar","9":"tag-cristina-ferreira","10":"tag-custodia-gallego","11":"tag-entertainment","12":"tag-entretenimento","13":"tag-festa-e-festa","14":"tag-ficcao","15":"tag-jose-fidalgo","16":"tag-maria-de-fatima","17":"tag-novelas","18":"tag-para-sempre","19":"tag-pedro-sousa","20":"tag-pedro-teixeira","21":"tag-portugal","22":"tag-pt","23":"tag-queridos-papas","24":"tag-rita-pereira","25":"tag-rosa-maria","26":"tag-terra-forte","27":"tag-tiago-teotonio-pereira","28":"tag-tv","29":"tag-tvi"},"share_on_mastodon":{"url":"https:\/\/pubeurope.com\/@pt\/115700910434593662","error":""},"_links":{"self":[{"href":"https:\/\/www.europesays.com\/pt\/wp-json\/wp\/v2\/posts\/184019","targetHints":{"allow":["GET"]}}],"collection":[{"href":"https:\/\/www.europesays.com\/pt\/wp-json\/wp\/v2\/posts"}],"about":[{"href":"https:\/\/www.europesays.com\/pt\/wp-json\/wp\/v2\/types\/post"}],"author":[{"embeddable":true,"href":"https:\/\/www.europesays.com\/pt\/wp-json\/wp\/v2\/users\/2"}],"replies":[{"embeddable":true,"href":"https:\/\/www.europesays.com\/pt\/wp-json\/wp\/v2\/comments?post=184019"}],"version-history":[{"count":0,"href":"https:\/\/www.europesays.com\/pt\/wp-json\/wp\/v2\/posts\/184019\/revisions"}],"wp:featuredmedia":[{"embeddable":true,"href":"https:\/\/www.europesays.com\/pt\/wp-json\/wp\/v2\/media\/184020"}],"wp:attachment":[{"href":"https:\/\/www.europesays.com\/pt\/wp-json\/wp\/v2\/media?parent=184019"}],"wp:term":[{"taxonomy":"category","embeddable":true,"href":"https:\/\/www.europesays.com\/pt\/wp-json\/wp\/v2\/categories?post=184019"},{"taxonomy":"post_tag","embeddable":true,"href":"https:\/\/www.europesays.com\/pt\/wp-json\/wp\/v2\/tags?post=184019"}],"curies":[{"name":"wp","href":"https:\/\/api.w.org\/{rel}","templated":true}]}}