{"id":184023,"date":"2025-12-11T12:23:22","date_gmt":"2025-12-11T12:23:22","guid":{"rendered":"https:\/\/www.europesays.com\/pt\/184023\/"},"modified":"2025-12-11T12:23:22","modified_gmt":"2025-12-11T12:23:22","slug":"the-drama-primeiro-e-misterioso-trailer-tem-cena-de-sexo-entre-robert-pattinson-e-zendaya-com-tapao-no-rosto-assista","status":"publish","type":"post","link":"https:\/\/www.europesays.com\/pt\/184023\/","title":{"rendered":"The Drama: Primeiro e misterioso trailer tem cena de sexo entre Robert Pattinson e Zendaya com tap\u00e3o no rosto; assista"},"content":{"rendered":"<p>                                Ler resumo <\/p>\n<p>A24 libera o primeiro trailer de The Drama, estrelado por Zendaya e Robert Pattinson. A pr\u00e9via destaca a rela\u00e7\u00e3o tensa dos personagens enquanto o est\u00fadio segue preservando detalhes da hist\u00f3ria. O filme \u00e9 dirigido por Kristoffer Borgli.<\/p>\n<p>Nesta quarta-feira (10), a A24 divulgou o primeiro trailer de \u201cThe Drama\u201d, longa estrelado por <a href=\"https:\/\/hugogloss.uol.com.br\/tag\/robert-pattinson\" target=\"_blank\" rel=\"noopener nofollow\">Robert Pattinson<\/a> e <a href=\"https:\/\/hugogloss.uol.com.br\/tag\/zendaya\" target=\"_blank\" rel=\"noopener nofollow\">Zendaya<\/a>.<\/p>\n<p>Embora a trama ainda esteja envolta em mist\u00e9rio, a pr\u00e9via indica que o relacionamento de Charlie (Pattinson) e Emma (Zendaya) parece existir em duas vers\u00f5es distintas. Quando est\u00e3o longe dos olhares alheios, os dois vivem um romance digno de filme: cheio de intimidade, qu\u00edmica, humor e parceria.<\/p>\n<p> Continua depois da Publicidade <\/p>\n<p>Mas essa conex\u00e3o se desfaz assim que o noivado entra em cena \u2014 especialmente na frente de \u201ctestemunhas\u201d. Rumo ao altar, o casal deixa claro que algo ali n\u00e3o encaixa, embora o est\u00fadio continue guardando a sete chaves qualquer detalhe adicional\u2026 inclusive no trailer.<\/p>\n<p>Rumores j\u00e1 antecipam que a hist\u00f3ria ser\u00e1 marcada por reviravoltas, com o romance tomando um rumo inesperado na v\u00e9spera do grande dia. <strong>Espia s\u00f3:<\/strong><\/p>\n<p>\u00a0<\/p>\n<p>O filme \u00e9 escrito e dirigido por Kristoffer Borgli (Dream Scenario) e conta ainda com Alana Haim, Mamoudou Athie e Hailey Gates no elenco.<\/p>\n<p> Continua depois da Publicidade <\/p>\n<p>A produ\u00e7\u00e3o \u00e9 assinada por Ari Aster e Lars Knudsen, al\u00e9m do pr\u00f3prio Borgli e Tyler Campellone pela Dilemma Films, em parceria com a A24.<\/p>\n<p>A com\u00e9dia rom\u00e2ntica chega aos cinemas do Brasil em 9 de abril.<\/p>\n<p>                                                                    <a id=\"google-news\" class=\"google-news\" href=\"https:\/\/news.google.com\/publications\/CAAqBwgKMM6ViAswv82GAw?ceid=BR:pt-419&amp;amp;oc=3&amp;amp;hl=pt-BR&amp;amp;gl=BR\" target=\"_blank\" rel=\"nofollow noopener\"><\/p>\n<p>                                            Siga a <strong> Hugo Gloss no Google News<\/strong> e acompanhe nossos destaques<\/p>\n<p>                                    <\/a><\/p>\n","protected":false},"excerpt":{"rendered":"Ler resumo A24 libera o primeiro trailer de The Drama, estrelado por Zendaya e Robert Pattinson. A pr\u00e9via&hellip;\n","protected":false},"author":2,"featured_media":184024,"comment_status":"","ping_status":"","sticky":false,"template":"","format":"standard","meta":{"footnotes":""},"categories":[140],"tags":[18511,114,115,147,148,146,32,33,14908,14105],"class_list":{"0":"post-184023","1":"post","2":"type-post","3":"status-publish","4":"format-standard","5":"has-post-thumbnail","7":"category-filmes","8":"tag-a24","9":"tag-entertainment","10":"tag-entretenimento","11":"tag-film","12":"tag-filmes","13":"tag-movies","14":"tag-portugal","15":"tag-pt","16":"tag-robert-pattinson","17":"tag-zendaya"},"share_on_mastodon":{"url":"https:\/\/pubeurope.com\/@pt\/115700918232068689","error":""},"_links":{"self":[{"href":"https:\/\/www.europesays.com\/pt\/wp-json\/wp\/v2\/posts\/184023","targetHints":{"allow":["GET"]}}],"collection":[{"href":"https:\/\/www.europesays.com\/pt\/wp-json\/wp\/v2\/posts"}],"about":[{"href":"https:\/\/www.europesays.com\/pt\/wp-json\/wp\/v2\/types\/post"}],"author":[{"embeddable":true,"href":"https:\/\/www.europesays.com\/pt\/wp-json\/wp\/v2\/users\/2"}],"replies":[{"embeddable":true,"href":"https:\/\/www.europesays.com\/pt\/wp-json\/wp\/v2\/comments?post=184023"}],"version-history":[{"count":0,"href":"https:\/\/www.europesays.com\/pt\/wp-json\/wp\/v2\/posts\/184023\/revisions"}],"wp:featuredmedia":[{"embeddable":true,"href":"https:\/\/www.europesays.com\/pt\/wp-json\/wp\/v2\/media\/184024"}],"wp:attachment":[{"href":"https:\/\/www.europesays.com\/pt\/wp-json\/wp\/v2\/media?parent=184023"}],"wp:term":[{"taxonomy":"category","embeddable":true,"href":"https:\/\/www.europesays.com\/pt\/wp-json\/wp\/v2\/categories?post=184023"},{"taxonomy":"post_tag","embeddable":true,"href":"https:\/\/www.europesays.com\/pt\/wp-json\/wp\/v2\/tags?post=184023"}],"curies":[{"name":"wp","href":"https:\/\/api.w.org\/{rel}","templated":true}]}}